{"id":150001,"date":"2022-06-11T23:18:03","date_gmt":"2022-06-12T03:18:03","guid":{"rendered":"https:\/\/linitiative.ca\/International\/mali-les-premices-dune-nouvelle-constitution\/"},"modified":"2022-06-11T23:18:03","modified_gmt":"2022-06-12T03:18:03","slug":"mali-les-premices-dune-nouvelle-constitution","status":"publish","type":"post","link":"https:\/\/linitiative.ca\/International\/mali-les-premices-dune-nouvelle-constitution\/","title":{"rendered":"Mali : les pr\u00e9mices d\u2019une nouvelle Constitution"},"content":{"rendered":"<div>\n<p><img decoding=\"async\" width=\"1080\" height=\"720\" src=\"https:\/\/linitiative.ca\/International\/wp-content\/uploads\/sites\/23\/2022\/06\/16550038849094.jpg\" class=\"attachment-post-thumbnail size-post-thumbnail wp-post-image\" alt=\"\" loading=\"lazy\" srcset=\"https:\/\/linitiative.ca\/International\/wp-content\/uploads\/sites\/23\/2022\/06\/16550038849094.jpg 1080w, https:\/\/www.journalducameroun.com\/wp-content\/uploads\/2022\/06\/16550038849094-300x200.jpg 300w, https:\/\/www.journalducameroun.com\/wp-content\/uploads\/2022\/06\/16550038849094-1024x683.jpg 1024w, https:\/\/www.journalducameroun.com\/wp-content\/uploads\/2022\/06\/16550038849094-768x512.jpg 768w, https:\/\/www.journalducameroun.com\/wp-content\/uploads\/2022\/06\/16550038849094-660x440.jpg 660w, https:\/\/www.journalducameroun.com\/wp-content\/uploads\/2022\/06\/16550038849094-600x400.jpg 600w\" sizes=\"auto, (max-width: 1080px) 100vw, 1080px\"><\/p>\n<p>Apr\u00e8s une prorogation de deux ans de la dur\u00e9e de la transition \u00e0 partir de mars 2022, la junte veut r\u00e9diger une autre loi fondamentale pour un nouveau Mali.C&rsquo;est une d\u00e9cision majeure. S&rsquo;appuyant sur une loi du 25 f\u00e9vrier 2022 portant r\u00e9vision de la charte de la transition, le colonel Assimi Go\u00efta a d\u00e9cr\u00e9t\u00e9 la cr\u00e9ation d&rsquo;une commission de r\u00e9daction d&rsquo;un avant-projet de Constitution dans le cadre de la refondation de l&rsquo;Etat.<\/p>\n<p>Ladite commission, qui comprend un pr\u00e9sident, un rapporteur g\u00e9n\u00e9ral, un rapporteur g\u00e9n\u00e9ral adjoint, des experts et un personnel d&rsquo;appui, doit remettre \u00ab un rapport de fin de mission \u00bb. Laquelle n&rsquo;exc\u00e9dant pas deux mois.<\/p>\n<p>Dans son travail, la commission peut solliciter \u00ab l&rsquo;ensemble des forces vives de la nation \u00bb et doit faire \u00ab un point tous les 15 jours ou en cas de besoin au pr\u00e9sident de la transition \u00bb. Mais \u00e0 peine publi\u00e9, le d\u00e9cret suscite un d\u00e9bat dans l&rsquo;opinion publique malienne.<\/p>\n<p>Sur Twitter, le journaliste S\u00e9ga Diarrah met d\u00e9j\u00e0 en garde contre une \u00ab modification \u00bb portant les germes \u00ab d&rsquo;une partition du Mali \u00bb, notant que \u00ab la Constitution de 1992 a \u00e9t\u00e9 r\u00e9dig\u00e9e avec le sang des Maliens \u00bb.<\/p>\n<p>Pour cet homme public tr\u00e8s suivi, \u00ab la transition doit juste se concentrer sur l&rsquo;organisation des \u00e9lections \u00bb. D\u00e8s les premi\u00e8res heures de la transition, un projet de r\u00e9daction d&rsquo;une nouvelle Constitution, \u00e0 laquelle \u00e9tait associ\u00e9 Tony Blair Institute for Global Change (TBI), du nom de l&rsquo;ancien Premier ministre britannique, a fait son bonhomme de chemin.<\/p>\n<p>Cependant, le deuxi\u00e8me coup d&rsquo;Etat du 24 mai 2021, ayant propuls\u00e9 sur le devant de la sc\u00e8ne Choguel Ma\u00efga, a donn\u00e9 un coup d&rsquo;arr\u00eat \u00e0 ce processus. Nomm\u00e9 chef du nouveau gouvernement par le Colonel Assimi Go\u00efta, le pr\u00e9sident du comit\u00e9 strat\u00e9gique du Mouvement du 5 juin &#8211; Rassemblement des Forces Patriotiques (M5 &#8211; RFP) s&rsquo;est prononc\u00e9 contre l&rsquo;implication d&rsquo;\u00e9trangers dans la r\u00e9daction de la Constitution malienne.<\/p>\n<p>Si on suit la logique du rempla\u00e7ant de Moctar Ouane \u00e0 la primature, l&rsquo;expertise nationale doit \u00eatre privil\u00e9gi\u00e9e pour ce qu&rsquo;il consid\u00e8re comme une question de souverainet\u00e9. Un argument auquel la junte tient \u00e0 c\u0153ur.<\/p>\n<p>Une chose est s\u00fbre, ce projet de r\u00e9daction d&rsquo;une nouvelle Constitution risque de provoquer des grincements de dents au sein de la Communaut\u00e9 \u00e9conomique des \u00c9tats de l&rsquo;Afrique de l&rsquo;Ouest (C\u00e9d\u00e9ao). L&rsquo;organisation r\u00e9gionale doit se r\u00e9unir le 3 juillet prochain pour discuter de la situation politique au Mali.<\/p>\n<p>Cet article <a rel=\"nofollow\" href=\"https:\/\/www.journalducameroun.com\/mali-les-premices-dune-nouvelle-constitution\/\">Mali : les pr\u00e9mices d\u2019une nouvelle Constitution<\/a> est apparu en premier sur <a rel=\"nofollow\" href=\"https:\/\/www.journalducameroun.com\/\">Journal du Cameroun<\/a>.<\/p>\n<\/div>\n<p>Auteur: APA News<br \/>\n<a href=\"https:\/\/www.journalducameroun.com\/mali-les-premices-dune-nouvelle-constitution\/\">Cliquez ici pour lire l&rsquo;article depuis sa source.<\/a><\/p>\n","protected":false},"excerpt":{"rendered":"<p>Apr\u00e8s une prorogation de deux ans de la dur\u00e9e de la transition \u00e0 partir de mars 2022, la junte veut r\u00e9diger une autre loi fondamentale pour un nouveau Mali.C&rsquo;est une d\u00e9cision majeure. S&rsquo;appuyant sur une loi du 25 f\u00e9vrier 2022 portant r\u00e9vision de la charte de la transition, le colonel Assimi Go\u00efta a d\u00e9cr\u00e9t\u00e9 la [&hellip;]<\/p>\n","protected":false},"author":1965,"featured_media":0,"comment_status":"closed","ping_status":"closed","sticky":false,"template":"","format":"standard","meta":{"fifu_image_url":"https:\/\/www.journalducameroun.com\/wp-content\/uploads\/2022\/06\/16550038849094.jpg","fifu_image_alt":"Mali : les pr\u00e9mices d\u2019une nouvelle Constitution","footnotes":""},"categories":[73,82],"tags":[],"class_list":["post-150001","post","type-post","status-publish","format-standard","hentry","category-actualite","category-cameroun"],"_links":{"self":[{"href":"https:\/\/linitiative.ca\/International\/wp-json\/wp\/v2\/posts\/150001","targetHints":{"allow":["GET"]}}],"collection":[{"href":"https:\/\/linitiative.ca\/International\/wp-json\/wp\/v2\/posts"}],"about":[{"href":"https:\/\/linitiative.ca\/International\/wp-json\/wp\/v2\/types\/post"}],"author":[{"embeddable":true,"href":"https:\/\/linitiative.ca\/International\/wp-json\/wp\/v2\/users\/1965"}],"replies":[{"embeddable":true,"href":"https:\/\/linitiative.ca\/International\/wp-json\/wp\/v2\/comments?post=150001"}],"version-history":[{"count":0,"href":"https:\/\/linitiative.ca\/International\/wp-json\/wp\/v2\/posts\/150001\/revisions"}],"wp:attachment":[{"href":"https:\/\/linitiative.ca\/International\/wp-json\/wp\/v2\/media?parent=150001"}],"wp:term":[{"taxonomy":"category","embeddable":true,"href":"https:\/\/linitiative.ca\/International\/wp-json\/wp\/v2\/categories?post=150001"},{"taxonomy":"post_tag","embeddable":true,"href":"https:\/\/linitiative.ca\/International\/wp-json\/wp\/v2\/tags?post=150001"}],"curies":[{"name":"wp","href":"https:\/\/api.w.org\/{rel}","templated":true}]}}