{"id":150005,"date":"2022-06-12T04:04:38","date_gmt":"2022-06-12T08:04:38","guid":{"rendered":"https:\/\/linitiative.ca\/International\/cameroun-nora-monie-atim-en-argent-au-championnat-dafrique-dathletisme\/"},"modified":"2022-06-12T04:04:38","modified_gmt":"2022-06-12T08:04:38","slug":"cameroun-nora-monie-atim-en-argent-au-championnat-dafrique-dathletisme","status":"publish","type":"post","link":"https:\/\/linitiative.ca\/International\/cameroun-nora-monie-atim-en-argent-au-championnat-dafrique-dathletisme\/","title":{"rendered":"Cameroun : Nora Monie Atim en argent au championnat d\u2019Afrique d\u2019athl\u00e9tisme"},"content":{"rendered":"<div>\n<p><img decoding=\"async\" width=\"721\" height=\"444\" src=\"https:\/\/linitiative.ca\/International\/wp-content\/uploads\/sites\/23\/2022\/06\/la-medaillee-dargent-du-championnat-dAfrique-dathletisme.jpg\" class=\"attachment-post-thumbnail size-post-thumbnail wp-post-image\" alt=\"\" loading=\"lazy\" srcset=\"https:\/\/linitiative.ca\/International\/wp-content\/uploads\/sites\/23\/2022\/06\/la-medaillee-dargent-du-championnat-dAfrique-dathletisme.jpg 721w, https:\/\/www.journalducameroun.com\/wp-content\/uploads\/2022\/06\/la-medaillee-dargent-du-championnat-dAfrique-dathletisme-300x185.jpg 300w, https:\/\/www.journalducameroun.com\/wp-content\/uploads\/2022\/06\/la-medaillee-dargent-du-championnat-dAfrique-dathletisme-715x440.jpg 715w, https:\/\/www.journalducameroun.com\/wp-content\/uploads\/2022\/06\/la-medaillee-dargent-du-championnat-dAfrique-dathletisme-600x369.jpg 600w\" sizes=\"auto, (max-width: 721px) 100vw, 721px\"><\/p>\n<h2 style=\"text-align: justify;\"><strong>Elle a obtenu sa m\u00e9daille au concours de lancer de disque avec un jet mesur\u00e9 \u00e0 54m44. Nouveau record national.\u00a0<\/strong><\/h2>\n<p style=\"text-align: justify;\">Vendredi 10 juin 2022 restera \u00e0 jamais une date inoubliable pour Nora Monie Atim. Elle s\u2019est particuli\u00e8rement distingu\u00e9e lors des championnats d\u2019Afrique d\u2019Athl\u00e9tisme qui se dispute en ce moment en Ile Maurice. C\u2019est de haute lutte que notre compatriote a remport\u00e9 la m\u00e9daille en argent au concours de lancer de disque avec un jet mesur\u00e9 \u00e0 54m44. Avec cette performance, la native du Nord-Ouest a battu le record camerounais qui \u00e9tait d\u00e9tenu depuis 32 ans par Jeanne Ngo Minyemeck.<\/p>\n<p style=\"text-align: justify;\">Apr\u00e8s trois jours de comp\u00e9tition, le Cameroun est dans le\u00a0 top 15 des meilleures nations gr\u00e2ce \u00e0 la m\u00e9daille d&rsquo;argent remport\u00e9e par Nora Monie Atem. La championne camerounaise de 24 ans \u00e9tait en piste ce jour-l\u00e0, \u00e0 c\u00f4t\u00e9 de Raissa Pauline Ngoupouo et V\u00e9ronique Kossendra qui \u00e9taient engag\u00e9es au concours de saut en longueur. La premi\u00e8re a fait son meilleur saut mesur\u00e9 \u00e0 5.64, insuffisant pour b\u00e9n\u00e9ficier des trois sauts suppl\u00e9mentaires, elle se classe 12eme.<\/p>\n<p style=\"text-align: justify;\">V\u00e9ronique Kossendra quant \u00e0 elle, gr\u00e2ce \u00e0 un bond de 5m86 au troisi\u00e8me essai, se qualifie pour la finale. Lors de ses trois essais suppl\u00e9mentaires elle ne fait pas mieux qu&rsquo;au saut pr\u00e9c\u00e8dent et fait m\u00eame un essai nul au dernier o\u00f9 elle essaie de tout mettre. Elle termine ainsi huiti\u00e8me avec comme meilleur essai 5.86 derri\u00e8re deux Burundaises, parmi lesquelles la m\u00e9daill\u00e9e d&rsquo;or d&rsquo;Afrique avec un saut de 6.42, trois Sud-africaines, une marocaine et une \u00e9gyptienne.<\/p>\n<p>Cet article <a rel=\"nofollow\" href=\"https:\/\/www.journalducameroun.com\/cameroun-nora-monie-atim-en-argent-au-championnat-dafrique-dathletisme\/\">Cameroun : Nora Monie Atim en argent au championnat d\u2019Afrique d\u2019athl\u00e9tisme<\/a> est apparu en premier sur <a rel=\"nofollow\" href=\"https:\/\/www.journalducameroun.com\/\">Journal du Cameroun<\/a>.<\/p>\n<\/div>\n<p>Auteur: Emile Zola Nd\u00e9 Tchoussi<br \/>\n<a href=\"https:\/\/www.journalducameroun.com\/cameroun-nora-monie-atim-en-argent-au-championnat-dafrique-dathletisme\/\">Cliquez ici pour lire l&rsquo;article depuis sa source.<\/a><\/p>\n","protected":false},"excerpt":{"rendered":"<p>Elle a obtenu sa m\u00e9daille au concours de lancer de disque avec un jet mesur\u00e9 \u00e0 54m44. Nouveau record national.\u00a0 Vendredi 10 juin 2022 restera \u00e0 jamais une date inoubliable pour Nora Monie Atim. Elle s\u2019est particuli\u00e8rement distingu\u00e9e lors des championnats d\u2019Afrique d\u2019Athl\u00e9tisme qui se dispute en ce moment en Ile Maurice. C\u2019est de haute [&hellip;]<\/p>\n","protected":false},"author":1965,"featured_media":0,"comment_status":"closed","ping_status":"closed","sticky":false,"template":"","format":"standard","meta":{"fifu_image_url":"https:\/\/www.journalducameroun.com\/wp-content\/uploads\/2022\/06\/la-medaillee-dargent-du-championnat-dAfrique-dathletisme.jpg","fifu_image_alt":"Cameroun : Nora Monie Atim en argent au championnat d\u2019Afrique d\u2019athl\u00e9tisme","footnotes":""},"categories":[73,82],"tags":[],"class_list":["post-150005","post","type-post","status-publish","format-standard","hentry","category-actualite","category-cameroun"],"_links":{"self":[{"href":"https:\/\/linitiative.ca\/International\/wp-json\/wp\/v2\/posts\/150005","targetHints":{"allow":["GET"]}}],"collection":[{"href":"https:\/\/linitiative.ca\/International\/wp-json\/wp\/v2\/posts"}],"about":[{"href":"https:\/\/linitiative.ca\/International\/wp-json\/wp\/v2\/types\/post"}],"author":[{"embeddable":true,"href":"https:\/\/linitiative.ca\/International\/wp-json\/wp\/v2\/users\/1965"}],"replies":[{"embeddable":true,"href":"https:\/\/linitiative.ca\/International\/wp-json\/wp\/v2\/comments?post=150005"}],"version-history":[{"count":0,"href":"https:\/\/linitiative.ca\/International\/wp-json\/wp\/v2\/posts\/150005\/revisions"}],"wp:attachment":[{"href":"https:\/\/linitiative.ca\/International\/wp-json\/wp\/v2\/media?parent=150005"}],"wp:term":[{"taxonomy":"category","embeddable":true,"href":"https:\/\/linitiative.ca\/International\/wp-json\/wp\/v2\/categories?post=150005"},{"taxonomy":"post_tag","embeddable":true,"href":"https:\/\/linitiative.ca\/International\/wp-json\/wp\/v2\/tags?post=150005"}],"curies":[{"name":"wp","href":"https:\/\/api.w.org\/{rel}","templated":true}]}}