{"id":15002,"date":"2019-02-17T16:34:36","date_gmt":"2019-02-17T21:34:36","guid":{"rendered":"https:\/\/linitiative.ca\/International\/report-des-elections-au-nigeria\/"},"modified":"2019-02-17T16:34:36","modified_gmt":"2019-02-17T21:34:36","slug":"report-des-elections-au-nigeria","status":"publish","type":"post","link":"https:\/\/linitiative.ca\/International\/report-des-elections-au-nigeria\/","title":{"rendered":"REPORT DES ELECTIONS AU NIGERIA"},"content":{"rendered":"<p><img decoding=\"async\" class=\"post_layout_5_img\" src=\"http:\/\/lepays.bf\/wp-content\/uploads\/2019\/02\/2019-02-16t163107z_909726077_rc16466f0db0_rtrmadp_3_nigeria-election-commission_0.jpg\" alt=\"REPORT DES ELECTIONS AU NIGERIA\"\/><\/p>\n<p><strong>La RDC fait des \u00e9mules<\/strong><\/p>\n<p>A la surprise g\u00e9n\u00e9rale, les Nig\u00e9rians n\u2019ont pas pu se rendre aux urnes le 16 f\u00e9vrier 2019. En effet, \u00e0 quelques heures de l\u2019ouverture des bureaux de vote, le pr\u00e9sident de la Commission \u00e9lectorale (INEC), Mahmood Yakubu, a d\u00e9cid\u00e9, <em>in extremis<\/em>, du report des \u00e9lections pr\u00e9sidentielle, l\u00e9gislatives et s\u00e9natoriales, d\u2019une semaine, maintenant ainsi tout le pays dans le suspense. C\u2019est peu de dire que ce report fait piaffer d\u2019impatience les quelque 84 millions d\u2019\u00e9lecteurs et les candidats \u00e0 la succession de Buhari, tout en en rajoutant \u00e0 la fi\u00e8vre \u00e9lectorale dans le pays. En fait, le report d\u2019une \u00e9lection, <em>a priori,<\/em> n\u2019a rien de mauvais, surtout si cela vise \u00e0 aplanir toutes les difficult\u00e9s pour tenir le scrutin dans la s\u00e9r\u00e9nit\u00e9. Mais dans le cas du Nigeria, ce report est inqui\u00e9tant voire suspect parce qu\u2019entre-temps, beaucoup d\u2019eau pourrait couler sous les ponts. On aurait pu donner le bon Dieu sans confession au pr\u00e9sident de l\u2019INEC (structure organisatrice des \u00e9lections) s\u2019il avait servi d\u2019autres explications plus logiques que celle des probl\u00e8mes logistiques. Pour une puissance \u00e9conomique comme le Nigeria, avancer des raisons logistiques pour reporter \u00e0 la derni\u00e8re minute des \u00e9lections aussi importantes, ne lui fait pas du tout honneur. Quand Mahmood Yakubu explique \u00e9galement que reporter le scrutin permettra de <em>\u00ab configurer pr\u00e8s de 180 000 cartes d\u2019\u00e9lecteurs, outils indispensables pour la cr\u00e9dibilit\u00e9 du scrutin \u00bb,<\/em> il \u00e9corne davantage l\u2019image de son pays qui a quand m\u00eame plus de deux d\u00e9cennies d\u2019exp\u00e9rience en mati\u00e8re d\u2019organisation des \u00e9lections.<\/p>\n<p>Consid\u00e9r\u00e9 comme le g\u00e9ant de l\u2019Afrique, le Nigeria renvoie au reste du monde, une mauvaise image avec ce report <em>in extremis<\/em> d\u2019un scrutin dont la date, initialement pr\u00e9vue pour le 16 f\u00e9vrier dernier, n\u2019avait aucunement surpris la commission \u00e9lectorale. En tout cas, c\u2019est une premi\u00e8re dans le monde, que des \u00e9lections soient report\u00e9es \u00e0 quelques heures de l\u2019ouverture des bureaux de vote.<\/p>\n<p><strong>Le Nigeria entre dans l\u2019histoire de la mauvaise pr\u00e9paration des \u00e9lections en Afrique<\/strong><\/p>\n<p>Certes, il y a \u00e0 peine deux mois, un autre pays d\u2019Afrique, la RDC pour ne pas le nommer, avait aussi donn\u00e9 \u00e0 voir, \u00e0 quelques exceptions pr\u00e8s, la m\u00eame cacophonie \u00e9lectorale. Mais au moins l\u00e0-bas, le pr\u00e9sident de la Commission \u00e9lectorale congolaise, Corneille Nangaa, avait eu l\u2019\u00e9l\u00e9gance de prendre soin de d\u00e9cider du report des \u00e9lections, 72 heures avant le Jour-J. Son homologue nig\u00e9rian, Mahmood Yakubu, lui, r\u00e9alise l\u2019in\u00e9dit en reportant le scrutin quelques petites heures seulement avant le jour-J. De quoi entrer dans l\u2019histoire de la mauvaise pr\u00e9paration des \u00e9lections en Afrique. C\u2019est dire si la RDC commence \u00e0 faire des \u00e9mules sur le continent africain en termes d\u2019\u00e9lections mal organis\u00e9es.<\/p>\n<p>Du coup, l\u2019on se demande ce qui a pu bien se passer \u00e0 la derni\u00e8re minute pour qu\u2019on en arrive l\u00e0. La question est d\u2019autant plus \u00e0 propos que ces derniers temps, l\u2019on assiste \u00e0 une accumulation d\u2019actes suspects comme la suspension, le mois dernier, du pr\u00e9sident de la Cour supr\u00eame par le chef de l\u2019Etat, pour une sombre affaire de proc\u00e8s de corruption, lequel a \u00e9t\u00e9 remplac\u00e9 par un int\u00e9rimaire issu du Nord comme Buhari\u00a0; la r\u00e9cente nomination de dame Amina Zakari \u00e0 la t\u00eate du Centre de compilation des r\u00e9sultats du scrutin d\u00e9sormais report\u00e9 au 23 f\u00e9vrier\u00a0; des incendies de locaux de la Commission \u00e9lectorale. Autant de faits qui ont amen\u00e9 l\u2019opposition \u00e0 suspecter le pouvoir de cabales et d\u2019intrigues. Et c\u2019est peu de dire que ce report ne va pas manquer de faire monter de plusieurs crans la m\u00e9fiance entre l\u2019opposition et la majorit\u00e9. Le r\u00e9gime Buhari s\u2019est-il rendu compte \u00e0 la derni\u00e8re minute, que la machine \u00e9lectorale n\u2019\u00e9tait pas suffisamment huil\u00e9e pour tourner en sa faveur, toute chose qui l\u2019aurait amen\u00e9 \u00e0 sommer Yakubu de reporter le scrutin <em>in extremis\u00a0<\/em>? Bien malin qui saurait le dire. En tout cas, on peut y voir un lien de cause \u00e0 effet. Tout en esp\u00e9rant que la date du 23 f\u00e9vrier prochain sera la bonne, la question que l\u2019on pourrait aussi se poser est de savoir si ce g\u00e9ant d\u2019Afrique saura \u00e9viter une crise post\u00e9lectorale. En tout cas, ce report qui g\u00e9n\u00e8re de vives pol\u00e9miques au sein de toute la classe politique, rend la situation extr\u00eamement volatile et justifie bien les craintes d\u2019un enfer post-\u00e9lectoral dans un pays connu pour ces acc\u00e8s de violence.<\/p>\n<p><strong>\u00a0<\/strong><\/p>\n<p><strong>Drissa TRAORE<\/strong><\/p>\n<p><strong>\u00a0<\/strong><\/p>\n<p><strong>\u00a0<\/strong><\/p>\n<p><strong>\u00a0<\/strong><\/p>\n<p><strong>\u00a0<\/strong><\/p>\n<p><strong>\u00a0<\/strong><\/p>\n<p>Auteur: Le Pays<br \/>\n<a href=\"http:\/\/lepays.bf\/report-des-elections-au-nigeria\/\">Cliquez ici pour lire l&rsquo;article depuis sa source.<\/a><\/p>\n","protected":false},"excerpt":{"rendered":"<p>La RDC fait des \u00e9mules A la surprise g\u00e9n\u00e9rale, les Nig\u00e9rians n\u2019ont pas pu se rendre aux urnes le 16 f\u00e9vrier 2019. En effet, \u00e0 quelques heures de l\u2019ouverture des bureaux de vote, le pr\u00e9sident de la Commission \u00e9lectorale (INEC), Mahmood Yakubu, a d\u00e9cid\u00e9, in extremis, du report des \u00e9lections pr\u00e9sidentielle, l\u00e9gislatives et s\u00e9natoriales, d\u2019une [&hellip;]<\/p>\n","protected":false},"author":1813,"featured_media":15003,"comment_status":"closed","ping_status":"closed","sticky":false,"template":"","format":"standard","meta":{"fifu_image_url":"","fifu_image_alt":"","footnotes":""},"categories":[73,81],"tags":[],"class_list":["post-15002","post","type-post","status-publish","format-standard","has-post-thumbnail","hentry","category-actualite","category-burkina-faso"],"_links":{"self":[{"href":"https:\/\/linitiative.ca\/International\/wp-json\/wp\/v2\/posts\/15002","targetHints":{"allow":["GET"]}}],"collection":[{"href":"https:\/\/linitiative.ca\/International\/wp-json\/wp\/v2\/posts"}],"about":[{"href":"https:\/\/linitiative.ca\/International\/wp-json\/wp\/v2\/types\/post"}],"author":[{"embeddable":true,"href":"https:\/\/linitiative.ca\/International\/wp-json\/wp\/v2\/users\/1813"}],"replies":[{"embeddable":true,"href":"https:\/\/linitiative.ca\/International\/wp-json\/wp\/v2\/comments?post=15002"}],"version-history":[{"count":0,"href":"https:\/\/linitiative.ca\/International\/wp-json\/wp\/v2\/posts\/15002\/revisions"}],"wp:featuredmedia":[{"embeddable":true,"href":"https:\/\/linitiative.ca\/International\/wp-json\/"}],"wp:attachment":[{"href":"https:\/\/linitiative.ca\/International\/wp-json\/wp\/v2\/media?parent=15002"}],"wp:term":[{"taxonomy":"category","embeddable":true,"href":"https:\/\/linitiative.ca\/International\/wp-json\/wp\/v2\/categories?post=15002"},{"taxonomy":"post_tag","embeddable":true,"href":"https:\/\/linitiative.ca\/International\/wp-json\/wp\/v2\/tags?post=15002"}],"curies":[{"name":"wp","href":"https:\/\/api.w.org\/{rel}","templated":true}]}}