{"id":150033,"date":"2022-06-13T10:28:23","date_gmt":"2022-06-13T14:28:23","guid":{"rendered":"https:\/\/linitiative.ca\/International\/formation-des-enseignants-un-accord-tripartite-signe\/"},"modified":"2022-06-13T10:28:23","modified_gmt":"2022-06-13T14:28:23","slug":"formation-des-enseignants-un-accord-tripartite-signe","status":"publish","type":"post","link":"https:\/\/linitiative.ca\/International\/formation-des-enseignants-un-accord-tripartite-signe\/","title":{"rendered":"Formation des enseignants: Un accord tripartite sign\u00e9"},"content":{"rendered":"<div>\n<div class=\"field field-name-body field-type-text-with-summary field-label-hidden\">\n<div class=\"field-items\">\n<div class=\"field-item even\" property=\"content:encoded\">\n<p class=\"rtejustify\">Un accord-cadre portant sur la mise en \u0153uvre d\u2019un programme de formation des enseignants du primaire et du secondaire \u00e0 l\u2019horizon 2025 a \u00e9t\u00e9 sign\u00e9, lundi \u00e0 Rabat, entre trois minist\u00e8res: le minist\u00e8re de l\u2019Enseignement sup\u00e9rieur, de la Recherche scientifique et de l\u2019Innovation, le minist\u00e8re de l\u2019\u00c9ducation nationale, du Pr\u00e9scolaire et des Sports et celui de l\u2019\u00c9conomie et des Finances.<\/p>\n<\/div>\n<\/div>\n<\/div>\n<\/div>\n<p>Auteur: hgueye<br \/>\n<a href=\"https:\/\/www.leconomiste.com\/flash-infos\/formation-des-enseignants-un-accord-tripartite-signe\">Cliquez ici pour lire l&rsquo;article depuis sa source.<\/a><\/p>\n","protected":false},"excerpt":{"rendered":"<p>Un accord-cadre portant sur la mise en \u0153uvre d\u2019un programme de formation des enseignants du primaire et du secondaire \u00e0 l\u2019horizon 2025 a \u00e9t\u00e9 sign\u00e9, lundi \u00e0 Rabat, entre trois minist\u00e8res: le minist\u00e8re de l\u2019Enseignement sup\u00e9rieur, de la Recherche scientifique et de l\u2019Innovation, le minist\u00e8re de l\u2019\u00c9ducation nationale, du Pr\u00e9scolaire et des Sports et celui [&hellip;]<\/p>\n","protected":false},"author":1763,"featured_media":0,"comment_status":"closed","ping_status":"closed","sticky":false,"template":"","format":"standard","meta":{"fifu_image_url":"","fifu_image_alt":"","footnotes":""},"categories":[78,54],"tags":[],"class_list":["post-150033","post","type-post","status-publish","format-standard","hentry","category-economie","category-maroc"],"_links":{"self":[{"href":"https:\/\/linitiative.ca\/International\/wp-json\/wp\/v2\/posts\/150033","targetHints":{"allow":["GET"]}}],"collection":[{"href":"https:\/\/linitiative.ca\/International\/wp-json\/wp\/v2\/posts"}],"about":[{"href":"https:\/\/linitiative.ca\/International\/wp-json\/wp\/v2\/types\/post"}],"author":[{"embeddable":true,"href":"https:\/\/linitiative.ca\/International\/wp-json\/wp\/v2\/users\/1763"}],"replies":[{"embeddable":true,"href":"https:\/\/linitiative.ca\/International\/wp-json\/wp\/v2\/comments?post=150033"}],"version-history":[{"count":0,"href":"https:\/\/linitiative.ca\/International\/wp-json\/wp\/v2\/posts\/150033\/revisions"}],"wp:attachment":[{"href":"https:\/\/linitiative.ca\/International\/wp-json\/wp\/v2\/media?parent=150033"}],"wp:term":[{"taxonomy":"category","embeddable":true,"href":"https:\/\/linitiative.ca\/International\/wp-json\/wp\/v2\/categories?post=150033"},{"taxonomy":"post_tag","embeddable":true,"href":"https:\/\/linitiative.ca\/International\/wp-json\/wp\/v2\/tags?post=150033"}],"curies":[{"name":"wp","href":"https:\/\/api.w.org\/{rel}","templated":true}]}}