{"id":150038,"date":"2022-06-13T03:37:00","date_gmt":"2022-06-13T07:37:00","guid":{"rendered":"https:\/\/linitiative.ca\/International\/belaili-evoque-avec-humour-son-retour-au-qatar\/"},"modified":"2022-06-13T03:37:00","modified_gmt":"2022-06-13T07:37:00","slug":"belaili-evoque-avec-humour-son-retour-au-qatar","status":"publish","type":"post","link":"https:\/\/linitiative.ca\/International\/belaili-evoque-avec-humour-son-retour-au-qatar\/","title":{"rendered":"Belaili \u00e9voque avec humour son retour au Qatar"},"content":{"rendered":"<div>Hier soir, l&rsquo;Alg\u00e9rie a disput\u00e9 et remport\u00e9 un match amical face \u00e0 l&rsquo;Iran (2-1) et Youcef Bela\u00efli a d\u00e9but\u00e9 la rencontre sur le banc de touche<\/div>\n<p>Auteur:<br \/>\n<a href=\"https:\/\/www.lebuteur.com\/article\/detail?titre=belaili-evoque-avec-humour-son-retour-au-qatar&#038;id=103010\">Cliquez ici pour lire l&rsquo;article depuis sa source.<\/a><\/p>\n","protected":false},"excerpt":{"rendered":"<p>Hier soir, l&rsquo;Alg\u00e9rie a disput\u00e9 et remport\u00e9 un match amical face \u00e0 l&rsquo;Iran (2-1) et Youcef Bela\u00efli a d\u00e9but\u00e9 la rencontre sur le banc de touche Auteur: Cliquez ici pour lire l&rsquo;article depuis sa source.<\/p>\n","protected":false},"author":1738,"featured_media":0,"comment_status":"closed","ping_status":"closed","sticky":false,"template":"","format":"standard","meta":{"fifu_image_url":"","fifu_image_alt":"","footnotes":""},"categories":[53,75],"tags":[],"class_list":["post-150038","post","type-post","status-publish","format-standard","hentry","category-algerie","category-sport"],"_links":{"self":[{"href":"https:\/\/linitiative.ca\/International\/wp-json\/wp\/v2\/posts\/150038","targetHints":{"allow":["GET"]}}],"collection":[{"href":"https:\/\/linitiative.ca\/International\/wp-json\/wp\/v2\/posts"}],"about":[{"href":"https:\/\/linitiative.ca\/International\/wp-json\/wp\/v2\/types\/post"}],"author":[{"embeddable":true,"href":"https:\/\/linitiative.ca\/International\/wp-json\/wp\/v2\/users\/1738"}],"replies":[{"embeddable":true,"href":"https:\/\/linitiative.ca\/International\/wp-json\/wp\/v2\/comments?post=150038"}],"version-history":[{"count":0,"href":"https:\/\/linitiative.ca\/International\/wp-json\/wp\/v2\/posts\/150038\/revisions"}],"wp:attachment":[{"href":"https:\/\/linitiative.ca\/International\/wp-json\/wp\/v2\/media?parent=150038"}],"wp:term":[{"taxonomy":"category","embeddable":true,"href":"https:\/\/linitiative.ca\/International\/wp-json\/wp\/v2\/categories?post=150038"},{"taxonomy":"post_tag","embeddable":true,"href":"https:\/\/linitiative.ca\/International\/wp-json\/wp\/v2\/tags?post=150038"}],"curies":[{"name":"wp","href":"https:\/\/api.w.org\/{rel}","templated":true}]}}