{"id":15004,"date":"2019-02-17T16:37:47","date_gmt":"2019-02-17T21:37:47","guid":{"rendered":"https:\/\/linitiative.ca\/International\/attaques-terroristes-tous-azimuts-au-burkina-faso\/"},"modified":"2019-02-17T16:37:47","modified_gmt":"2019-02-17T21:37:47","slug":"attaques-terroristes-tous-azimuts-au-burkina-faso","status":"publish","type":"post","link":"https:\/\/linitiative.ca\/International\/attaques-terroristes-tous-azimuts-au-burkina-faso\/","title":{"rendered":"ATTAQUES TERRORISTES TOUS AZIMUTS AU BURKINA FASO"},"content":{"rendered":"<p><img decoding=\"async\" class=\"post_layout_5_img\" src=\"http:\/\/lepays.bf\/wp-content\/uploads\/2019\/02\/index.jpg\" alt=\"ATTAQUES TERRORISTES TOUS AZIMUTS AU BURKINA FASO\"\/><\/p>\n<p><strong>\u00a0<\/strong><strong>Pose-t-on le bon diagnostic ?<\/strong><\/p>\n<p><strong>\u00a0<\/strong>C\u2019est une semaine sanglante, une de plus, qui vient de s\u2019achever au Burkina Faso avec la mort de pr\u00e8s d\u2019une dizaine de personnes, dont quatre douaniers et un pr\u00eatre espagnol dans le Centre-Est du pays jusqu\u2019ici \u00e9pargn\u00e9 par ces individus arm\u00e9s et sans visage, assimil\u00e9s \u00e0 tort ou \u00e0 raison \u00e0 des djihadistes. Disons-nous la v\u00e9rit\u00e9, la s\u00e9curisation de notre territoire est devenue une v\u00e9ritable quadrature du cercle pour nos autorit\u00e9s, en raison de la r\u00e9currence des attaques et de leur ing\u00e9niosit\u00e9 macabre avec l\u2019utilisation, pour la premi\u00e8re fois, d\u2019un cadavre comme bombe humaine \u00e0 quelques encablures de Djibo le 14 f\u00e9vrier dernier, qui a \u00e9t\u00e9 fatale sur le coup \u00e0 deux de nos militaires. La situation s\u00e9curitaire est d\u2019autant plus inqui\u00e9tante que le pays est non seulement attaqu\u00e9 dans tous ses points cardinaux, mais aussi et surtout parce que personne ne semble \u00eatre \u00e0 mesure de nous dire qui fait exactement quoi dans ces attaques tous azimuts, avec qui comme complices et pour quelles raisons ? En l\u2019absence donc d\u2019\u00e9l\u00e9ments de r\u00e9ponses fiables \u00e0 ces interrogations, l\u2019on ne peut que se perdre en conjectures avec le risque de poser un diagnostic aux antipodes du mal ou des maux dont nous souffrons, et, subs\u00e9quemment, de proposer des mesures cosm\u00e9tiques ou des solutions-placebo en lieu et place des rem\u00e8des ad\u00e9quats et efficaces. Qui sont ces groupes qui se multiplient comme par scissiparit\u00e9, qui frappent principalement les symboles de l\u2019Etat et qui disparaissent comme des feux-follets sans laisser de traces et sans revendiquer leurs actes ? Sont-ils tous des djihadistes qui r\u00eavent de transformer le Burkina Faso ou, \u00e0 tout le moins, une partie du pays en zone r\u00e9gie par la charia ? S\u2019agit-il d\u2019ex-\u00e9l\u00e9ments de nos Forces de d\u00e9fense et de s\u00e9curit\u00e9 (FDS) en rupture de ban, qui agiraient avec le soutien financier et\/ou la caution morale de certains civils tapis dans l\u2019ombre au Burkina Faso et \u00e0 l\u2019\u00e9tranger pour dire <em>\u2018\u2019non\u2019\u2019<\/em> \u00e0 la gouvernance actuelle ? N\u2019y a-t-il pas dans ce capharna\u00fcm des d\u00e9linquants de la pire esp\u00e8ce qui profitent du d\u00e9litement de l\u2019Etat pour perp\u00e9trer des crimes crapuleux sous le couvert d\u2019une id\u00e9ologie religieuse ?<\/p>\n<p><strong>Nous devons \u00e9viter de fracturer davantage notre tissu social<\/strong><\/p>\n<p>Quid des contrebandiers et des narcoterroristes qui seraient tent\u00e9s de transformer le Sahel et l\u2019Est du Burkina en un hub privil\u00e9gi\u00e9 pour leur trafic illicite de drogue, d\u2019armes et de cigarettes ? Il serait r\u00e9ducteur d\u2019attribuer syst\u00e9matiquement les attaques dont nous sommes victimes, uniquement \u00e0 l\u2019un de ces groupes sus-cit\u00e9s, tout comme il serait na\u00eff de croire qu\u2019il ne pourrait pas y avoir de passerelles ou de complicit\u00e9s circonstancielles entre eux pour atteindre leurs objectifs respectifs. Il faudra donc identifier d\u2019abord et avant tout, les diff\u00e9rents acteurs de cette sc\u00e8ne macabre, discuter avec ceux qui y sont favorables et combattre les autres en comptant \u00e9videmment sur la contribution des Burkinab\u00e8 patriotes, ainsi que sur celle des amis et partenaires du Burkina. Une chose est certaine, il nous sera difficile de gagner cette guerre asym\u00e9trique tant qu\u2019il n\u2019y aura pas une sorte de nouveau contrat social et moral dans lequel tous nos concitoyens se retrouveront et au terme duquel une minorit\u00e9 ne va pas se goberger au caviar pendant que l\u2019immense majorit\u00e9 est prostr\u00e9e dans un exil int\u00e9rieur et martyris\u00e9e par les angoisses et souffrances existentielles. Nous pouvons certes compter sur la vaillance et l\u2019extraordinaire courage de nos FDS, mais elles ne pourront pas, \u00e0 elles seules, r\u00e9tablir la paix et la stabilit\u00e9 tant que certains Burkinab\u00e8 vont tirer \u00e0 hue et d\u2019autres \u00e0 dia, et tant qu\u2019il n\u2019y aura pas de r\u00e9parations des torts et de r\u00e9conciliation sinc\u00e8re entre les fils du pays. Un homme frustr\u00e9 est un homme potentiellement dangereux pour lui-m\u00eame et pour toute la communaut\u00e9, et nous devons faire en sorte qu\u2019une bonne partie de ceux qui se sentent humili\u00e9s, flou\u00e9s ou injustement ruin\u00e9s du fait de l\u2019histoire politique mouvement\u00e9e de notre pays, reviennent \u00e0 de meilleurs sentiments, et acceptent la main que devront leur tendre les autorit\u00e9s actuelles, \u00e9videmment apr\u00e8s la r\u00e9paration des torts qu\u2019ils ont subis. Dans la m\u00eame dynamique, nous ne devons pas nous laisser \u2018\u2019<em>griser<\/em>\u2019\u2019 par la r\u00e9cente c\u00e9l\u00e9bration chiffr\u00e9e et sans nuance du bilan de 146 pr\u00e9sum\u00e9s terroristes abattus au nord du pays, et oublier que 210 personnes ont \u00e9t\u00e9 m\u00e9thodiquement massacr\u00e9es \u00e0 Yirgou. Esp\u00e9rons que comme le dit la sagesse africaine, \u00ab <em>quand la justice tarde \u00e0 agir, c\u2019est qu\u2019elle est all\u00e9e au loin chercher des verges pour mieux ch\u00e2tier les coupables<\/em> \u00bb. Par ces temps qui courent, c\u2019est tous ensemble et unis que nous allons, en effet, vaincre, pour reprendre la phras\u00e9ologie r\u00e9volutionnaire des ann\u00e9es 80, et nous devons donc \u00e9viter, autant que faire se peut, de fracturer davantage notre tissu social \u00e0 travers des catalogages insidieux et inopportuns de certaines composantes ethniques ou politiques de notre peuple comme \u00e9tant des apatrides ou des ennemis \u00e0 abattre sans autre forme de proc\u00e8s. Si nous arrivons \u00e0 r\u00e9gler cette d\u00e9licate question du vivre harmonieusement ensemble, nous serons en mesure de constituer une v\u00e9ritable soupape de s\u00e9curit\u00e9 contre le terrorisme sous toutes ses formes et faire face, malgr\u00e9 la modicit\u00e9 de nos moyens, \u00e0 tous ceux que nous aurons identifi\u00e9s comme \u00e9tant les vrais ennemis du Burkina. C\u2019est au r\u00e9gime actuel de prendre les dispositions n\u00e9cessaires \u00e0 l\u2019effet de rassurer nos compatriotes toujours dans le doute et dans la m\u00e9fiance. On pourrait mettre, pour ce faire, \u00e0 contribution les notabilit\u00e9s coutumi\u00e8res et religieuses pour faire comprendre aux Burkinab\u00e8 qui participent aux actions de d\u00e9glinguage de notre patrimoine commun qu\u2019est l\u2019Etat, qu\u2019ils ne doivent pas agir comme ces oiseaux qui ont festoy\u00e9 le jour o\u00f9 ils ont appris la mort du vieux paysan qui les emp\u00eachait de picorer les grains du champ de mil, tout en oubliant que le vieux paysan qui les chassait du champ \u00e9tait celui-l\u00e0 m\u00eame qui semait le mil.<\/p>\n<p><strong>\u00a0<\/strong><\/p>\n<p><strong>Hamadou GADIAGA<\/strong><\/p>\n<p><strong>\u00a0<\/strong><\/p>\n<p>Auteur: Le Pays<br \/>\n<a href=\"http:\/\/lepays.bf\/attaques-terroristes-tous-azimuts-au-burkina-faso\/\">Cliquez ici pour lire l&rsquo;article depuis sa source.<\/a><\/p>\n","protected":false},"excerpt":{"rendered":"<p>\u00a0Pose-t-on le bon diagnostic ? \u00a0C\u2019est une semaine sanglante, une de plus, qui vient de s\u2019achever au Burkina Faso avec la mort de pr\u00e8s d\u2019une dizaine de personnes, dont quatre douaniers et un pr\u00eatre espagnol dans le Centre-Est du pays jusqu\u2019ici \u00e9pargn\u00e9 par ces individus arm\u00e9s et sans visage, assimil\u00e9s \u00e0 tort ou \u00e0 raison [&hellip;]<\/p>\n","protected":false},"author":1813,"featured_media":15005,"comment_status":"closed","ping_status":"closed","sticky":false,"template":"","format":"standard","meta":{"fifu_image_url":"","fifu_image_alt":"","footnotes":""},"categories":[73,81],"tags":[],"class_list":["post-15004","post","type-post","status-publish","format-standard","has-post-thumbnail","hentry","category-actualite","category-burkina-faso"],"_links":{"self":[{"href":"https:\/\/linitiative.ca\/International\/wp-json\/wp\/v2\/posts\/15004","targetHints":{"allow":["GET"]}}],"collection":[{"href":"https:\/\/linitiative.ca\/International\/wp-json\/wp\/v2\/posts"}],"about":[{"href":"https:\/\/linitiative.ca\/International\/wp-json\/wp\/v2\/types\/post"}],"author":[{"embeddable":true,"href":"https:\/\/linitiative.ca\/International\/wp-json\/wp\/v2\/users\/1813"}],"replies":[{"embeddable":true,"href":"https:\/\/linitiative.ca\/International\/wp-json\/wp\/v2\/comments?post=15004"}],"version-history":[{"count":0,"href":"https:\/\/linitiative.ca\/International\/wp-json\/wp\/v2\/posts\/15004\/revisions"}],"wp:featuredmedia":[{"embeddable":true,"href":"https:\/\/linitiative.ca\/International\/wp-json\/"}],"wp:attachment":[{"href":"https:\/\/linitiative.ca\/International\/wp-json\/wp\/v2\/media?parent=15004"}],"wp:term":[{"taxonomy":"category","embeddable":true,"href":"https:\/\/linitiative.ca\/International\/wp-json\/wp\/v2\/categories?post=15004"},{"taxonomy":"post_tag","embeddable":true,"href":"https:\/\/linitiative.ca\/International\/wp-json\/wp\/v2\/tags?post=15004"}],"curies":[{"name":"wp","href":"https:\/\/api.w.org\/{rel}","templated":true}]}}