{"id":150042,"date":"2022-06-13T05:58:00","date_gmt":"2022-06-13T09:58:00","guid":{"rendered":"https:\/\/linitiative.ca\/International\/neila-akrimi-nommee-a-la-tete-de-lorganisation-internationale-uclg-cib\/"},"modified":"2022-06-13T05:58:00","modified_gmt":"2022-06-13T09:58:00","slug":"neila-akrimi-nommee-a-la-tete-de-lorganisation-internationale-uclg-cib","status":"publish","type":"post","link":"https:\/\/linitiative.ca\/International\/neila-akrimi-nommee-a-la-tete-de-lorganisation-internationale-uclg-cib\/","title":{"rendered":"Neila Akrimi nomm\u00e9e \u00e0 la t\u00eate de l\u2019organisation internationale UCLG-CIB"},"content":{"rendered":"<div><img decoding=\"async\" src=\"https:\/\/linitiative.ca\/International\/wp-content\/uploads\/sites\/23\/2022\/06\/1655110695_article.jpg\" alt=\"Neila Akrimi nomm\u00e9e \u00e0 la t\u00eate de l\u2019organisation internationale UCLG-CIB \" align=\"left\">Elle la premi\u00e8re femme \u00e0 occuper une si haute fonction \u00e0 la t\u00eate d\u2019une importante organisation mondiale en charge du d\u00e9veloppement local. Neila Akrimi vient en effet d\u2019\u00eatre nomm\u00e9e \u00e0 la t\u00eate de l\u2019organisation internationale UCLG-CIB \u0153uvrant pour le renforcement des capacit\u00e9s et des institutions des gouvernements locaux. Cette plateforme englobe un r\u00e9seau mondial actif dans la coop\u00e9ration internationale d\u00e9centralis\u00e9e. UCLG &#8211; CIB est au c\u0153ur de la nouvelle facette de la diplomatie mondiale qui se d\u00e9veloppe autour de l&rsquo;approche \u00ab\u00a0multi-acteurs\u00a0\u00bb, une nouvelle mouvance mondiale o\u00f9 les politiques de coop\u00e9ration internationale se dessinent.<br \/>\nTitulaire d\u2019un doctorat en &#8230;<\/p>\n<\/div>\n<p>Auteur:<br \/>\n<a href=\"https:\/\/www.leaders.com.tn\/article\/33476-neila-akrimi-nommee-a-la-tete-de-l-organisation-internationale-uclg-cib\">Cliquez ici pour lire l&rsquo;article depuis sa source.<\/a><\/p>\n","protected":false},"excerpt":{"rendered":"<p>Elle la premi\u00e8re femme \u00e0 occuper une si haute fonction \u00e0 la t\u00eate d\u2019une importante organisation mondiale en charge du d\u00e9veloppement local. Neila Akrimi vient en effet d\u2019\u00eatre nomm\u00e9e \u00e0 la t\u00eate de l\u2019organisation internationale UCLG-CIB \u0153uvrant pour le renforcement des capacit\u00e9s et des institutions des gouvernements locaux. Cette plateforme englobe un r\u00e9seau mondial actif [&hellip;]<\/p>\n","protected":false},"author":1772,"featured_media":0,"comment_status":"closed","ping_status":"closed","sticky":false,"template":"","format":"standard","meta":{"fifu_image_url":"http:\/\/www.leaders.com.tn\/uploads\/content\/thumbnails_small\/1655110695_article.jpg","fifu_image_alt":"Neila Akrimi nomm\u00e9e \u00e0 la t\u00eate de l\u2019organisation internationale UCLG-CIB","footnotes":""},"categories":[73,55],"tags":[],"class_list":["post-150042","post","type-post","status-publish","format-standard","hentry","category-actualite","category-tunisie"],"_links":{"self":[{"href":"https:\/\/linitiative.ca\/International\/wp-json\/wp\/v2\/posts\/150042","targetHints":{"allow":["GET"]}}],"collection":[{"href":"https:\/\/linitiative.ca\/International\/wp-json\/wp\/v2\/posts"}],"about":[{"href":"https:\/\/linitiative.ca\/International\/wp-json\/wp\/v2\/types\/post"}],"author":[{"embeddable":true,"href":"https:\/\/linitiative.ca\/International\/wp-json\/wp\/v2\/users\/1772"}],"replies":[{"embeddable":true,"href":"https:\/\/linitiative.ca\/International\/wp-json\/wp\/v2\/comments?post=150042"}],"version-history":[{"count":0,"href":"https:\/\/linitiative.ca\/International\/wp-json\/wp\/v2\/posts\/150042\/revisions"}],"wp:attachment":[{"href":"https:\/\/linitiative.ca\/International\/wp-json\/wp\/v2\/media?parent=150042"}],"wp:term":[{"taxonomy":"category","embeddable":true,"href":"https:\/\/linitiative.ca\/International\/wp-json\/wp\/v2\/categories?post=150042"},{"taxonomy":"post_tag","embeddable":true,"href":"https:\/\/linitiative.ca\/International\/wp-json\/wp\/v2\/tags?post=150042"}],"curies":[{"name":"wp","href":"https:\/\/api.w.org\/{rel}","templated":true}]}}