{"id":150058,"date":"2022-06-13T16:39:19","date_gmt":"2022-06-13T20:39:19","guid":{"rendered":"https:\/\/linitiative.ca\/International\/dakar-abrite-la-17eme-foire-commerciale-des-pays-membres-de-loci\/"},"modified":"2022-06-13T16:39:19","modified_gmt":"2022-06-13T20:39:19","slug":"dakar-abrite-la-17eme-foire-commerciale-des-pays-membres-de-loci","status":"publish","type":"post","link":"https:\/\/linitiative.ca\/International\/dakar-abrite-la-17eme-foire-commerciale-des-pays-membres-de-loci\/","title":{"rendered":"Dakar abrite la 17\u00e8me Foire Commerciale des Pays Membres de l\u2019OCI"},"content":{"rendered":"<div><img decoding=\"async\" width=\"600\" height=\"338\" src=\"https:\/\/linitiative.ca\/International\/wp-content\/uploads\/sites\/23\/2022\/06\/foire-commerciale-oci-cices-acceuillir-17-eme-edition-600-x-338.jpg\" class=\"attachment-post-thumbnail size-post-thumbnail wp-post-image\" alt=\"\" loading=\"lazy\" srcset=\"https:\/\/linitiative.ca\/International\/wp-content\/uploads\/sites\/23\/2022\/06\/foire-commerciale-oci-cices-acceuillir-17-eme-edition-600-x-338.jpg 600w, https:\/\/www.challenge.ma\/wp-content\/uploads\/2022\/06\/foire-commerciale-oci-cices-acceuillir-17-eme-edition-600-x-338-300x169.jpg 300w, https:\/\/www.challenge.ma\/wp-content\/uploads\/2022\/06\/foire-commerciale-oci-cices-acceuillir-17-eme-edition-600-x-338-360x203.jpg 360w\" sizes=\"auto, (max-width: 600px) 100vw, 600px\" itemprop=\"image\">Organis\u00e9e par le Centre Islamique pour le D\u00e9veloppement du Commerce (CIDC) et le Centre International du Commerce Ext\u00e9rieur\u00a0du S\u00e9n\u00e9gal (CICES), la 17\u00e8me Foire Commerciale de l\u2019OCI a lieu, cette ann\u00e9e, \u00e0\u00a0Dakar (S\u00e9n\u00e9gal), du 13 au 19 juin 2022. La Foire Commerciale de l\u2019OCI, le plus grand \u00e9v\u00e9nement commercial de l\u2019Organisation<\/div>\n<p>Auteur: A. Ma\u00efssour<br \/>\n<a href=\"https:\/\/www.challenge.ma\/dakar-abrite-la-17eme-foire-commerciale-des-pays-membres-de-loci-240560\/\">Cliquez ici pour lire l&rsquo;article depuis sa source.<\/a><\/p>\n","protected":false},"excerpt":{"rendered":"<p>Organis\u00e9e par le Centre Islamique pour le D\u00e9veloppement du Commerce (CIDC) et le Centre International du Commerce Ext\u00e9rieur\u00a0du S\u00e9n\u00e9gal (CICES), la 17\u00e8me Foire Commerciale de l\u2019OCI a lieu, cette ann\u00e9e, \u00e0\u00a0Dakar (S\u00e9n\u00e9gal), du 13 au 19 juin 2022. La Foire Commerciale de l\u2019OCI, le plus grand \u00e9v\u00e9nement commercial de l\u2019Organisation Auteur: A. Ma\u00efssour Cliquez ici [&hellip;]<\/p>\n","protected":false},"author":1787,"featured_media":0,"comment_status":"closed","ping_status":"closed","sticky":false,"template":"","format":"standard","meta":{"fifu_image_url":"https:\/\/www.challenge.ma\/wp-content\/uploads\/2022\/06\/foire-commerciale-oci-cices-acceuillir-17-eme-edition-600-x-338.jpg","fifu_image_alt":"Dakar abrite la 17\u00e8me Foire Commerciale des Pays Membres de l\u2019OCI","footnotes":""},"categories":[78,54],"tags":[],"class_list":["post-150058","post","type-post","status-publish","format-standard","hentry","category-economie","category-maroc"],"_links":{"self":[{"href":"https:\/\/linitiative.ca\/International\/wp-json\/wp\/v2\/posts\/150058","targetHints":{"allow":["GET"]}}],"collection":[{"href":"https:\/\/linitiative.ca\/International\/wp-json\/wp\/v2\/posts"}],"about":[{"href":"https:\/\/linitiative.ca\/International\/wp-json\/wp\/v2\/types\/post"}],"author":[{"embeddable":true,"href":"https:\/\/linitiative.ca\/International\/wp-json\/wp\/v2\/users\/1787"}],"replies":[{"embeddable":true,"href":"https:\/\/linitiative.ca\/International\/wp-json\/wp\/v2\/comments?post=150058"}],"version-history":[{"count":0,"href":"https:\/\/linitiative.ca\/International\/wp-json\/wp\/v2\/posts\/150058\/revisions"}],"wp:attachment":[{"href":"https:\/\/linitiative.ca\/International\/wp-json\/wp\/v2\/media?parent=150058"}],"wp:term":[{"taxonomy":"category","embeddable":true,"href":"https:\/\/linitiative.ca\/International\/wp-json\/wp\/v2\/categories?post=150058"},{"taxonomy":"post_tag","embeddable":true,"href":"https:\/\/linitiative.ca\/International\/wp-json\/wp\/v2\/tags?post=150058"}],"curies":[{"name":"wp","href":"https:\/\/api.w.org\/{rel}","templated":true}]}}