{"id":150060,"date":"2022-06-13T17:06:25","date_gmt":"2022-06-13T21:06:25","guid":{"rendered":"https:\/\/linitiative.ca\/International\/le-representant-du-fmi-en-tunisie-nous-continuons-a-apporter-notre-soutien-a-la-tunisie\/"},"modified":"2022-06-13T17:06:25","modified_gmt":"2022-06-13T21:06:25","slug":"le-representant-du-fmi-en-tunisie-nous-continuons-a-apporter-notre-soutien-a-la-tunisie","status":"publish","type":"post","link":"https:\/\/linitiative.ca\/International\/le-representant-du-fmi-en-tunisie-nous-continuons-a-apporter-notre-soutien-a-la-tunisie\/","title":{"rendered":"Le repr\u00e9sentant du FMI en Tunisie: \u201cnous continuons \u00e0 apporter notre soutien \u00e0 la Tunisie\u201d"},"content":{"rendered":"<div>\n<p>Un accord de partenariat a \u00e9t\u00e9 paraph\u00e9 lundi 13 juin 2022 entre la Tunisie et le FMI pour b\u00e9n\u00e9ficier d\u2019un pr\u00eat estim\u00e9 \u00e0 23.8 millions de dollars . la somme octroy\u00e9 s\u2019inscrit dans le cadre du programme de lutte contre le COVID 19 L\u2019accord de partenariat a \u00e9t\u00e9 paraph\u00e9 par le ministre de l\u2019\u00e9conomie Samir [\u2026]<\/p>\n<p>L\u2019article <a href=\"https:\/\/www.tunisienumerique.com\/le-representant-du-fmi-en-tunisie-nous-continuons-a-apporter-notre-soutien-a-la-tunisie\/\">Le repr\u00e9sentant du FMI en Tunisie: \u201cnous continuons \u00e0 apporter notre soutien \u00e0 la Tunisie\u201d<\/a> est apparu en premier sur <a href=\"https:\/\/www.tunisienumerique.com\/\">Tunisie<\/a>.<\/p>\n<\/div>\n<p>Auteur: Hafedh Trabelsi<br \/>\n<a href=\"https:\/\/www.tunisienumerique.com\/le-representant-du-fmi-en-tunisie-nous-continuons-a-apporter-notre-soutien-a-la-tunisie\/\">Cliquez ici pour lire l&rsquo;article depuis sa source.<\/a><\/p>\n","protected":false},"excerpt":{"rendered":"<p>Un accord de partenariat a \u00e9t\u00e9 paraph\u00e9 lundi 13 juin 2022 entre la Tunisie et le FMI pour b\u00e9n\u00e9ficier d\u2019un pr\u00eat estim\u00e9 \u00e0 23.8 millions de dollars . la somme octroy\u00e9 s\u2019inscrit dans le cadre du programme de lutte contre le COVID 19 L\u2019accord de partenariat a \u00e9t\u00e9 paraph\u00e9 par le ministre de l\u2019\u00e9conomie Samir [&hellip;]<\/p>\n","protected":false},"author":1789,"featured_media":0,"comment_status":"closed","ping_status":"closed","sticky":false,"template":"","format":"standard","meta":{"fifu_image_url":"","fifu_image_alt":"","footnotes":""},"categories":[73,55],"tags":[],"class_list":["post-150060","post","type-post","status-publish","format-standard","hentry","category-actualite","category-tunisie"],"_links":{"self":[{"href":"https:\/\/linitiative.ca\/International\/wp-json\/wp\/v2\/posts\/150060","targetHints":{"allow":["GET"]}}],"collection":[{"href":"https:\/\/linitiative.ca\/International\/wp-json\/wp\/v2\/posts"}],"about":[{"href":"https:\/\/linitiative.ca\/International\/wp-json\/wp\/v2\/types\/post"}],"author":[{"embeddable":true,"href":"https:\/\/linitiative.ca\/International\/wp-json\/wp\/v2\/users\/1789"}],"replies":[{"embeddable":true,"href":"https:\/\/linitiative.ca\/International\/wp-json\/wp\/v2\/comments?post=150060"}],"version-history":[{"count":0,"href":"https:\/\/linitiative.ca\/International\/wp-json\/wp\/v2\/posts\/150060\/revisions"}],"wp:attachment":[{"href":"https:\/\/linitiative.ca\/International\/wp-json\/wp\/v2\/media?parent=150060"}],"wp:term":[{"taxonomy":"category","embeddable":true,"href":"https:\/\/linitiative.ca\/International\/wp-json\/wp\/v2\/categories?post=150060"},{"taxonomy":"post_tag","embeddable":true,"href":"https:\/\/linitiative.ca\/International\/wp-json\/wp\/v2\/tags?post=150060"}],"curies":[{"name":"wp","href":"https:\/\/api.w.org\/{rel}","templated":true}]}}