{"id":150063,"date":"2022-06-13T17:12:44","date_gmt":"2022-06-13T21:12:44","guid":{"rendered":"https:\/\/linitiative.ca\/International\/ghardimaou-un-incendie-ravage-3-ha-de-ble\/"},"modified":"2022-06-13T17:12:44","modified_gmt":"2022-06-13T21:12:44","slug":"ghardimaou-un-incendie-ravage-3-ha-de-ble","status":"publish","type":"post","link":"https:\/\/linitiative.ca\/International\/ghardimaou-un-incendie-ravage-3-ha-de-ble\/","title":{"rendered":"Ghardimaou: un incendie ravage 3 ha de Bl\u00e9"},"content":{"rendered":"<div>\n<p>Un incendie a ravag\u00e9 une superficie de 3 ha de plantation de bl\u00e9 dans la r\u00e9gion de Mnaana sise \u00e0 ghardimaou .illico presto,2 engins de la protection civile de ghardimaou soutenus par une unit\u00e9 de la protection civile de Jendouba se sont d\u00e9plac\u00e9s sur les lieux du sinistr\u00e9s qui avec l\u2019apport des citoyens ont ma\u00eetris\u00e9 [\u2026]<\/p>\n<p>L\u2019article <a href=\"https:\/\/www.tunisienumerique.com\/ghardimaou-un-incendie-ravage-3-ha-de-ble\/\">Ghardimaou: un incendie ravage 3 ha de Bl\u00e9<\/a> est apparu en premier sur <a href=\"https:\/\/www.tunisienumerique.com\/\">Tunisie<\/a>.<\/p>\n<\/div>\n<p>Auteur: Hafedh Trabelsi<br \/>\n<a href=\"https:\/\/www.tunisienumerique.com\/ghardimaou-un-incendie-ravage-3-ha-de-ble\/\">Cliquez ici pour lire l&rsquo;article depuis sa source.<\/a><\/p>\n","protected":false},"excerpt":{"rendered":"<p>Un incendie a ravag\u00e9 une superficie de 3 ha de plantation de bl\u00e9 dans la r\u00e9gion de Mnaana sise \u00e0 ghardimaou .illico presto,2 engins de la protection civile de ghardimaou soutenus par une unit\u00e9 de la protection civile de Jendouba se sont d\u00e9plac\u00e9s sur les lieux du sinistr\u00e9s qui avec l\u2019apport des citoyens ont ma\u00eetris\u00e9 [&hellip;]<\/p>\n","protected":false},"author":1789,"featured_media":0,"comment_status":"closed","ping_status":"closed","sticky":false,"template":"","format":"standard","meta":{"fifu_image_url":"","fifu_image_alt":"","footnotes":""},"categories":[73,55],"tags":[],"class_list":["post-150063","post","type-post","status-publish","format-standard","hentry","category-actualite","category-tunisie"],"_links":{"self":[{"href":"https:\/\/linitiative.ca\/International\/wp-json\/wp\/v2\/posts\/150063","targetHints":{"allow":["GET"]}}],"collection":[{"href":"https:\/\/linitiative.ca\/International\/wp-json\/wp\/v2\/posts"}],"about":[{"href":"https:\/\/linitiative.ca\/International\/wp-json\/wp\/v2\/types\/post"}],"author":[{"embeddable":true,"href":"https:\/\/linitiative.ca\/International\/wp-json\/wp\/v2\/users\/1789"}],"replies":[{"embeddable":true,"href":"https:\/\/linitiative.ca\/International\/wp-json\/wp\/v2\/comments?post=150063"}],"version-history":[{"count":0,"href":"https:\/\/linitiative.ca\/International\/wp-json\/wp\/v2\/posts\/150063\/revisions"}],"wp:attachment":[{"href":"https:\/\/linitiative.ca\/International\/wp-json\/wp\/v2\/media?parent=150063"}],"wp:term":[{"taxonomy":"category","embeddable":true,"href":"https:\/\/linitiative.ca\/International\/wp-json\/wp\/v2\/categories?post=150063"},{"taxonomy":"post_tag","embeddable":true,"href":"https:\/\/linitiative.ca\/International\/wp-json\/wp\/v2\/tags?post=150063"}],"curies":[{"name":"wp","href":"https:\/\/api.w.org\/{rel}","templated":true}]}}