{"id":150064,"date":"2022-06-13T17:22:53","date_gmt":"2022-06-13T21:22:53","guid":{"rendered":"https:\/\/linitiative.ca\/International\/tunisie-un-eleve-agresse-au-vitriol-le-pere-refuse-de-porter-plainte-de-peur-des-represailles\/"},"modified":"2022-06-13T17:22:53","modified_gmt":"2022-06-13T21:22:53","slug":"tunisie-un-eleve-agresse-au-vitriol-le-pere-refuse-de-porter-plainte-de-peur-des-represailles","status":"publish","type":"post","link":"https:\/\/linitiative.ca\/International\/tunisie-un-eleve-agresse-au-vitriol-le-pere-refuse-de-porter-plainte-de-peur-des-represailles\/","title":{"rendered":"Tunisie \u2013 Un \u00e9l\u00e8ve agress\u00e9 au vitriol. Le p\u00e8re refuse de porter plainte de peur des repr\u00e9sailles"},"content":{"rendered":"<div>\n<p>Le p\u00e8re d\u2019une \u00e9l\u00e8ve agress\u00e9 au vitriol, \u00e0 Sidi Bouzid, et qui avait, auparavant, d\u00e9nonc\u00e9 des cadres de la direction r\u00e9gionale de l\u2019agriculture, coupables de corruption, a annonc\u00e9 qu\u2019il refusait de porter plainte contre les agresseurs de son fils, de peur des repr\u00e9sailles, puisqu\u2019il avait re\u00e7u des menaces dans ce sens.<\/p>\n<p>L\u2019article <a href=\"https:\/\/www.tunisienumerique.com\/tunisie-un-eleve-agresse-au-vitriol-le-pere-refuse-de-porter-plainte-de-peur-des-represailles\/\">Tunisie \u2013 Un \u00e9l\u00e8ve agress\u00e9 au vitriol. Le p\u00e8re refuse de porter plainte de peur des repr\u00e9sailles<\/a> est apparu en premier sur <a href=\"https:\/\/www.tunisienumerique.com\/\">Tunisie<\/a>.<\/p>\n<\/div>\n<p>Auteur: LM<br \/>\n<a href=\"https:\/\/www.tunisienumerique.com\/tunisie-un-eleve-agresse-au-vitriol-le-pere-refuse-de-porter-plainte-de-peur-des-represailles\/\">Cliquez ici pour lire l&rsquo;article depuis sa source.<\/a><\/p>\n","protected":false},"excerpt":{"rendered":"<p>Le p\u00e8re d\u2019une \u00e9l\u00e8ve agress\u00e9 au vitriol, \u00e0 Sidi Bouzid, et qui avait, auparavant, d\u00e9nonc\u00e9 des cadres de la direction r\u00e9gionale de l\u2019agriculture, coupables de corruption, a annonc\u00e9 qu\u2019il refusait de porter plainte contre les agresseurs de son fils, de peur des repr\u00e9sailles, puisqu\u2019il avait re\u00e7u des menaces dans ce sens. L\u2019article Tunisie \u2013 Un [&hellip;]<\/p>\n","protected":false},"author":1789,"featured_media":0,"comment_status":"closed","ping_status":"closed","sticky":false,"template":"","format":"standard","meta":{"fifu_image_url":"","fifu_image_alt":"","footnotes":""},"categories":[73,55],"tags":[],"class_list":["post-150064","post","type-post","status-publish","format-standard","hentry","category-actualite","category-tunisie"],"_links":{"self":[{"href":"https:\/\/linitiative.ca\/International\/wp-json\/wp\/v2\/posts\/150064","targetHints":{"allow":["GET"]}}],"collection":[{"href":"https:\/\/linitiative.ca\/International\/wp-json\/wp\/v2\/posts"}],"about":[{"href":"https:\/\/linitiative.ca\/International\/wp-json\/wp\/v2\/types\/post"}],"author":[{"embeddable":true,"href":"https:\/\/linitiative.ca\/International\/wp-json\/wp\/v2\/users\/1789"}],"replies":[{"embeddable":true,"href":"https:\/\/linitiative.ca\/International\/wp-json\/wp\/v2\/comments?post=150064"}],"version-history":[{"count":0,"href":"https:\/\/linitiative.ca\/International\/wp-json\/wp\/v2\/posts\/150064\/revisions"}],"wp:attachment":[{"href":"https:\/\/linitiative.ca\/International\/wp-json\/wp\/v2\/media?parent=150064"}],"wp:term":[{"taxonomy":"category","embeddable":true,"href":"https:\/\/linitiative.ca\/International\/wp-json\/wp\/v2\/categories?post=150064"},{"taxonomy":"post_tag","embeddable":true,"href":"https:\/\/linitiative.ca\/International\/wp-json\/wp\/v2\/tags?post=150064"}],"curies":[{"name":"wp","href":"https:\/\/api.w.org\/{rel}","templated":true}]}}