{"id":150065,"date":"2022-06-13T15:30:13","date_gmt":"2022-06-13T19:30:13","guid":{"rendered":"https:\/\/linitiative.ca\/International\/150065-2\/"},"modified":"2022-06-13T15:30:13","modified_gmt":"2022-06-13T19:30:13","slug":"150065-2","status":"publish","type":"post","link":"https:\/\/linitiative.ca\/International\/150065-2\/","title":{"rendered":""},"content":{"rendered":"<div>\n<p><img decoding=\"async\" width=\"1072\" height=\"712\" src=\"https:\/\/linitiative.ca\/International\/wp-content\/uploads\/sites\/23\/2022\/06\/ARISTIDE-PHOTO.jpg\" class=\"attachment- size- wp-post-image\" alt=\"\" loading=\"lazy\" style=\"float:left; margin:0 15px 15px 0;\" srcset=\"https:\/\/linitiative.ca\/International\/wp-content\/uploads\/sites\/23\/2022\/06\/ARISTIDE-PHOTO.jpg 1072w, https:\/\/lepays.bf\/wp-content\/uploads\/2022\/06\/ARISTIDE-PHOTO-300x199.jpg 300w, https:\/\/lepays.bf\/wp-content\/uploads\/2022\/06\/ARISTIDE-PHOTO-1024x680.jpg 1024w, https:\/\/lepays.bf\/wp-content\/uploads\/2022\/06\/ARISTIDE-PHOTO-150x100.jpg 150w, https:\/\/lepays.bf\/wp-content\/uploads\/2022\/06\/ARISTIDE-PHOTO-768x510.jpg 768w, https:\/\/lepays.bf\/wp-content\/uploads\/2022\/06\/ARISTIDE-PHOTO-128x86.jpg 128w\" sizes=\"auto, (max-width: 1072px) 100vw, 1072px\">FACULTE DE THEOLOGIE DES ASSEMBLEES DE DIEU \u00a0 254 nouveaux Pasteurs re\u00e7oivent leurs parchemins \u00a0 La Facult\u00e9 de th\u00e9ologie des Assembl\u00e9es de Dieu du Burkina Faso (FATHEAD) a organis\u00e9 une c\u00e9r\u00e9monie solennelle de remise des dipl\u00f4mes de fin d\u2019\u00e9tudes pastorales, le 4 juin 2022 au [\u2026]<\/p>\n<p>L\u2019article <a rel=\"nofollow\" href=\"https:\/\/lepays.bf\/81760-2\/\"><\/a> est apparu en premier sur <a rel=\"nofollow\" href=\"https:\/\/lepays.bf\/\">Editions Le Pays<\/a>.<\/p>\n<\/div>\n<p>Auteur: Editions LEPAYS<br \/>\n<a href=\"https:\/\/lepays.bf\/81760-2\/\">Cliquez ici pour lire l&rsquo;article depuis sa source.<\/a><\/p>\n","protected":false},"excerpt":{"rendered":"<p>FACULTE DE THEOLOGIE DES ASSEMBLEES DE DIEU \u00a0 254 nouveaux Pasteurs re\u00e7oivent leurs parchemins \u00a0 La Facult\u00e9 de th\u00e9ologie des Assembl\u00e9es de Dieu du Burkina Faso (FATHEAD) a organis\u00e9 une c\u00e9r\u00e9monie solennelle de remise des dipl\u00f4mes de fin d\u2019\u00e9tudes pastorales, le 4 juin 2022 au [\u2026] L\u2019article est apparu en premier sur Editions Le Pays. [&hellip;]<\/p>\n","protected":false},"author":1813,"featured_media":0,"comment_status":"closed","ping_status":"closed","sticky":false,"template":"","format":"standard","meta":{"fifu_image_url":"https:\/\/lepays.bf\/wp-content\/uploads\/2022\/06\/ARISTIDE-PHOTO.jpg","fifu_image_alt":"","footnotes":""},"categories":[73,81],"tags":[],"class_list":["post-150065","post","type-post","status-publish","format-standard","hentry","category-actualite","category-burkina-faso"],"_links":{"self":[{"href":"https:\/\/linitiative.ca\/International\/wp-json\/wp\/v2\/posts\/150065","targetHints":{"allow":["GET"]}}],"collection":[{"href":"https:\/\/linitiative.ca\/International\/wp-json\/wp\/v2\/posts"}],"about":[{"href":"https:\/\/linitiative.ca\/International\/wp-json\/wp\/v2\/types\/post"}],"author":[{"embeddable":true,"href":"https:\/\/linitiative.ca\/International\/wp-json\/wp\/v2\/users\/1813"}],"replies":[{"embeddable":true,"href":"https:\/\/linitiative.ca\/International\/wp-json\/wp\/v2\/comments?post=150065"}],"version-history":[{"count":0,"href":"https:\/\/linitiative.ca\/International\/wp-json\/wp\/v2\/posts\/150065\/revisions"}],"wp:attachment":[{"href":"https:\/\/linitiative.ca\/International\/wp-json\/wp\/v2\/media?parent=150065"}],"wp:term":[{"taxonomy":"category","embeddable":true,"href":"https:\/\/linitiative.ca\/International\/wp-json\/wp\/v2\/categories?post=150065"},{"taxonomy":"post_tag","embeddable":true,"href":"https:\/\/linitiative.ca\/International\/wp-json\/wp\/v2\/tags?post=150065"}],"curies":[{"name":"wp","href":"https:\/\/api.w.org\/{rel}","templated":true}]}}