{"id":150067,"date":"2022-06-13T15:35:49","date_gmt":"2022-06-13T19:35:49","guid":{"rendered":"https:\/\/linitiative.ca\/International\/recusation-de-mahamadou-issoufou-le-burkina-osera-t-il-se-mettre-a-dos-la-cedeao\/"},"modified":"2022-06-13T15:35:49","modified_gmt":"2022-06-13T19:35:49","slug":"recusation-de-mahamadou-issoufou-le-burkina-osera-t-il-se-mettre-a-dos-la-cedeao","status":"publish","type":"post","link":"https:\/\/linitiative.ca\/International\/recusation-de-mahamadou-issoufou-le-burkina-osera-t-il-se-mettre-a-dos-la-cedeao\/","title":{"rendered":"RECUSATION DE MAHAMADOU ISSOUFOU : Le Burkina osera-t-il se mettre \u00e0 dos la CEDEAO\u00a0?  \u00a0"},"content":{"rendered":"<div>\n<p><img decoding=\"async\" width=\"800\" height=\"450\" src=\"https:\/\/linitiative.ca\/International\/wp-content\/uploads\/sites\/23\/2022\/06\/Isoufou_Mahamadou.jpg\" class=\"attachment- size- wp-post-image\" alt=\"\" loading=\"lazy\" style=\"float:left; margin:0 15px 15px 0;\" srcset=\"https:\/\/linitiative.ca\/International\/wp-content\/uploads\/sites\/23\/2022\/06\/Isoufou_Mahamadou.jpg 800w, https:\/\/lepays.bf\/wp-content\/uploads\/2022\/06\/Isoufou_Mahamadou-300x169.jpg 300w, https:\/\/lepays.bf\/wp-content\/uploads\/2022\/06\/Isoufou_Mahamadou-150x84.jpg 150w, https:\/\/lepays.bf\/wp-content\/uploads\/2022\/06\/Isoufou_Mahamadou-768x432.jpg 768w\" sizes=\"auto, (max-width: 800px) 100vw, 800px\">Pour servir d\u2019interface avec la transition au Burkina Faso, la Communaut\u00e9 \u00e9conomique des Etats de l\u2019Afrique de l\u2019Ouest (CEDEAO) a d\u00e9sign\u00e9 Mahamadou Issoufou, \u00e0 l\u2019issue de son 6\u00e8me sommet extraordinaire, comme m\u00e9diateur. En rappel, l\u2019organisation communautaire et la junte militaire au pouvoir s\u2019opposent sur la [\u2026]<\/p>\n<p>L\u2019article <a rel=\"nofollow\" href=\"https:\/\/lepays.bf\/recusation-de-mahamadou-issoufou-le-burkina-osera-t-il-se-mettre-a-dos-la-cedeao\/\">RECUSATION DE MAHAMADOU ISSOUFOU : Le Burkina osera-t-il se mettre \u00e0 dos la CEDEAO\u00a0?  \u00a0<\/a> est apparu en premier sur <a rel=\"nofollow\" href=\"https:\/\/lepays.bf\/\">Editions Le Pays<\/a>.<\/p>\n<\/div>\n<p>Auteur: Editions LEPAYS<br \/>\n<a href=\"https:\/\/lepays.bf\/recusation-de-mahamadou-issoufou-le-burkina-osera-t-il-se-mettre-a-dos-la-cedeao\/\">Cliquez ici pour lire l&rsquo;article depuis sa source.<\/a><\/p>\n","protected":false},"excerpt":{"rendered":"<p>Pour servir d\u2019interface avec la transition au Burkina Faso, la Communaut\u00e9 \u00e9conomique des Etats de l\u2019Afrique de l\u2019Ouest (CEDEAO) a d\u00e9sign\u00e9 Mahamadou Issoufou, \u00e0 l\u2019issue de son 6\u00e8me sommet extraordinaire, comme m\u00e9diateur. En rappel, l\u2019organisation communautaire et la junte militaire au pouvoir s\u2019opposent sur la [\u2026] L\u2019article RECUSATION DE MAHAMADOU ISSOUFOU : Le Burkina osera-t-il [&hellip;]<\/p>\n","protected":false},"author":1813,"featured_media":0,"comment_status":"closed","ping_status":"closed","sticky":false,"template":"","format":"standard","meta":{"fifu_image_url":"https:\/\/lepays.bf\/wp-content\/uploads\/2022\/06\/Isoufou_Mahamadou.jpg","fifu_image_alt":"RECUSATION DE MAHAMADOU ISSOUFOU : Le Burkina osera-t-il se mettre \u00e0 dos la CEDEAO\u00a0?  \u00a0","footnotes":""},"categories":[73,81],"tags":[],"class_list":["post-150067","post","type-post","status-publish","format-standard","hentry","category-actualite","category-burkina-faso"],"_links":{"self":[{"href":"https:\/\/linitiative.ca\/International\/wp-json\/wp\/v2\/posts\/150067","targetHints":{"allow":["GET"]}}],"collection":[{"href":"https:\/\/linitiative.ca\/International\/wp-json\/wp\/v2\/posts"}],"about":[{"href":"https:\/\/linitiative.ca\/International\/wp-json\/wp\/v2\/types\/post"}],"author":[{"embeddable":true,"href":"https:\/\/linitiative.ca\/International\/wp-json\/wp\/v2\/users\/1813"}],"replies":[{"embeddable":true,"href":"https:\/\/linitiative.ca\/International\/wp-json\/wp\/v2\/comments?post=150067"}],"version-history":[{"count":0,"href":"https:\/\/linitiative.ca\/International\/wp-json\/wp\/v2\/posts\/150067\/revisions"}],"wp:attachment":[{"href":"https:\/\/linitiative.ca\/International\/wp-json\/wp\/v2\/media?parent=150067"}],"wp:term":[{"taxonomy":"category","embeddable":true,"href":"https:\/\/linitiative.ca\/International\/wp-json\/wp\/v2\/categories?post=150067"},{"taxonomy":"post_tag","embeddable":true,"href":"https:\/\/linitiative.ca\/International\/wp-json\/wp\/v2\/tags?post=150067"}],"curies":[{"name":"wp","href":"https:\/\/api.w.org\/{rel}","templated":true}]}}