{"id":150069,"date":"2022-06-13T15:39:28","date_gmt":"2022-06-13T19:39:28","guid":{"rendered":"https:\/\/linitiative.ca\/International\/africa-ceo-forum-a-abidjan-un-show-de-plus\/"},"modified":"2022-06-13T15:39:28","modified_gmt":"2022-06-13T19:39:28","slug":"africa-ceo-forum-a-abidjan-un-show-de-plus","status":"publish","type":"post","link":"https:\/\/linitiative.ca\/International\/africa-ceo-forum-a-abidjan-un-show-de-plus\/","title":{"rendered":"AFRICA CEO FORUM A ABIDJAN  \u00a0: \u00a0Un show de plus ?"},"content":{"rendered":"<div>\n<p><img decoding=\"async\" width=\"640\" height=\"320\" src=\"https:\/\/linitiative.ca\/International\/wp-content\/uploads\/sites\/23\/2022\/06\/forum.jpg\" class=\"attachment- size- wp-post-image\" alt=\"\" loading=\"lazy\" style=\"float:left; margin:0 15px 15px 0;\" srcset=\"https:\/\/linitiative.ca\/International\/wp-content\/uploads\/sites\/23\/2022\/06\/forum.jpg 640w, https:\/\/lepays.bf\/wp-content\/uploads\/2022\/06\/forum-300x150.jpg 300w, https:\/\/lepays.bf\/wp-content\/uploads\/2022\/06\/forum-150x75.jpg 150w\" sizes=\"auto, (max-width: 640px) 100vw, 640px\">Abidjan, la capitale \u00e9conomique ivoirienne, accueille depuis le 13 juin 2022, et ce pour deux jours, l\u2019Africa CEO Forum. Une rencontre qui enregistre la participation de pas moins de 1500 chefs d\u2019entreprises et acteurs \u00e9conomiques du continent, et rehauss\u00e9e par la pr\u00e9sence, aux c\u00f4t\u00e9s du [\u2026]<\/p>\n<p>L\u2019article <a rel=\"nofollow\" href=\"https:\/\/lepays.bf\/africa-ceo-forum-a-abidjan-un-show-de-plus\/\">AFRICA CEO FORUM A ABIDJAN  \u00a0: \u00a0Un show de plus ?<\/a> est apparu en premier sur <a rel=\"nofollow\" href=\"https:\/\/lepays.bf\/\">Editions Le Pays<\/a>.<\/p>\n<\/div>\n<p>Auteur: Editions LEPAYS<br \/>\n<a href=\"https:\/\/lepays.bf\/africa-ceo-forum-a-abidjan-un-show-de-plus\/\">Cliquez ici pour lire l&rsquo;article depuis sa source.<\/a><\/p>\n","protected":false},"excerpt":{"rendered":"<p>Abidjan, la capitale \u00e9conomique ivoirienne, accueille depuis le 13 juin 2022, et ce pour deux jours, l\u2019Africa CEO Forum. Une rencontre qui enregistre la participation de pas moins de 1500 chefs d\u2019entreprises et acteurs \u00e9conomiques du continent, et rehauss\u00e9e par la pr\u00e9sence, aux c\u00f4t\u00e9s du [\u2026] L\u2019article AFRICA CEO FORUM A ABIDJAN \u00a0: \u00a0Un show [&hellip;]<\/p>\n","protected":false},"author":1813,"featured_media":0,"comment_status":"closed","ping_status":"closed","sticky":false,"template":"","format":"standard","meta":{"fifu_image_url":"https:\/\/lepays.bf\/wp-content\/uploads\/2022\/06\/forum.jpg","fifu_image_alt":"AFRICA CEO FORUM A ABIDJAN  \u00a0: \u00a0Un show de plus ?","footnotes":""},"categories":[73,81],"tags":[],"class_list":["post-150069","post","type-post","status-publish","format-standard","hentry","category-actualite","category-burkina-faso"],"_links":{"self":[{"href":"https:\/\/linitiative.ca\/International\/wp-json\/wp\/v2\/posts\/150069","targetHints":{"allow":["GET"]}}],"collection":[{"href":"https:\/\/linitiative.ca\/International\/wp-json\/wp\/v2\/posts"}],"about":[{"href":"https:\/\/linitiative.ca\/International\/wp-json\/wp\/v2\/types\/post"}],"author":[{"embeddable":true,"href":"https:\/\/linitiative.ca\/International\/wp-json\/wp\/v2\/users\/1813"}],"replies":[{"embeddable":true,"href":"https:\/\/linitiative.ca\/International\/wp-json\/wp\/v2\/comments?post=150069"}],"version-history":[{"count":0,"href":"https:\/\/linitiative.ca\/International\/wp-json\/wp\/v2\/posts\/150069\/revisions"}],"wp:attachment":[{"href":"https:\/\/linitiative.ca\/International\/wp-json\/wp\/v2\/media?parent=150069"}],"wp:term":[{"taxonomy":"category","embeddable":true,"href":"https:\/\/linitiative.ca\/International\/wp-json\/wp\/v2\/categories?post=150069"},{"taxonomy":"post_tag","embeddable":true,"href":"https:\/\/linitiative.ca\/International\/wp-json\/wp\/v2\/tags?post=150069"}],"curies":[{"name":"wp","href":"https:\/\/api.w.org\/{rel}","templated":true}]}}