{"id":150071,"date":"2022-06-13T15:42:56","date_gmt":"2022-06-13T19:42:56","guid":{"rendered":"https:\/\/linitiative.ca\/International\/massacre-de-civils-a-seytenga-ou-va-le-burkina\/"},"modified":"2022-06-13T15:42:56","modified_gmt":"2022-06-13T19:42:56","slug":"massacre-de-civils-a-seytenga-ou-va-le-burkina","status":"publish","type":"post","link":"https:\/\/linitiative.ca\/International\/massacre-de-civils-a-seytenga-ou-va-le-burkina\/","title":{"rendered":"MASSACRE DE CIVILS A SEYTENGA  \u00a0 : O\u00f9 va le Burkina\u00a0?"},"content":{"rendered":"<div>\n<p><img decoding=\"async\" width=\"284\" height=\"177\" src=\"https:\/\/linitiative.ca\/International\/wp-content\/uploads\/sites\/23\/2022\/06\/BF-2.jpg\" class=\"attachment- size- wp-post-image\" alt=\"\" loading=\"lazy\" style=\"float:left; margin:0 15px 15px 0;\" srcset=\"https:\/\/linitiative.ca\/International\/wp-content\/uploads\/sites\/23\/2022\/06\/BF-2.jpg 284w, https:\/\/lepays.bf\/wp-content\/uploads\/2022\/06\/BF-2-150x93.jpg 150w\" sizes=\"auto, (max-width: 284px) 100vw, 284px\">Encore une fois, une actualit\u00e9 en chasse dramatiquement une autre au pays des Hommes int\u00e8gres, et \u00e7a s\u2019est pass\u00e9, cette fois-ci, dans une m\u00eame localit\u00e9, \u00e0 Seytenga pr\u00e9cis\u00e9ment, o\u00f9 des individus sans foi ni loi ont massacr\u00e9 m\u00e9thodiquement et avec une barbarie \u00e0 nulle autre [\u2026]<\/p>\n<p>L\u2019article <a rel=\"nofollow\" href=\"https:\/\/lepays.bf\/massacre-de-civils-a-seytenga-ou-va-le-burkina\/\">MASSACRE DE CIVILS A SEYTENGA  \u00a0 : O\u00f9 va le Burkina\u00a0?<\/a> est apparu en premier sur <a rel=\"nofollow\" href=\"https:\/\/lepays.bf\/\">Editions Le Pays<\/a>.<\/p>\n<\/div>\n<p>Auteur: Editions LEPAYS<br \/>\n<a href=\"https:\/\/lepays.bf\/massacre-de-civils-a-seytenga-ou-va-le-burkina\/\">Cliquez ici pour lire l&rsquo;article depuis sa source.<\/a><\/p>\n","protected":false},"excerpt":{"rendered":"<p>Encore une fois, une actualit\u00e9 en chasse dramatiquement une autre au pays des Hommes int\u00e8gres, et \u00e7a s\u2019est pass\u00e9, cette fois-ci, dans une m\u00eame localit\u00e9, \u00e0 Seytenga pr\u00e9cis\u00e9ment, o\u00f9 des individus sans foi ni loi ont massacr\u00e9 m\u00e9thodiquement et avec une barbarie \u00e0 nulle autre [\u2026] L\u2019article MASSACRE DE CIVILS A SEYTENGA \u00a0 : O\u00f9 [&hellip;]<\/p>\n","protected":false},"author":1813,"featured_media":0,"comment_status":"closed","ping_status":"closed","sticky":false,"template":"","format":"standard","meta":{"fifu_image_url":"https:\/\/lepays.bf\/wp-content\/uploads\/2022\/06\/BF-2.jpg","fifu_image_alt":"MASSACRE DE CIVILS A SEYTENGA  \u00a0 : O\u00f9 va le Burkina\u00a0?","footnotes":""},"categories":[73,81],"tags":[],"class_list":["post-150071","post","type-post","status-publish","format-standard","hentry","category-actualite","category-burkina-faso"],"_links":{"self":[{"href":"https:\/\/linitiative.ca\/International\/wp-json\/wp\/v2\/posts\/150071","targetHints":{"allow":["GET"]}}],"collection":[{"href":"https:\/\/linitiative.ca\/International\/wp-json\/wp\/v2\/posts"}],"about":[{"href":"https:\/\/linitiative.ca\/International\/wp-json\/wp\/v2\/types\/post"}],"author":[{"embeddable":true,"href":"https:\/\/linitiative.ca\/International\/wp-json\/wp\/v2\/users\/1813"}],"replies":[{"embeddable":true,"href":"https:\/\/linitiative.ca\/International\/wp-json\/wp\/v2\/comments?post=150071"}],"version-history":[{"count":0,"href":"https:\/\/linitiative.ca\/International\/wp-json\/wp\/v2\/posts\/150071\/revisions"}],"wp:attachment":[{"href":"https:\/\/linitiative.ca\/International\/wp-json\/wp\/v2\/media?parent=150071"}],"wp:term":[{"taxonomy":"category","embeddable":true,"href":"https:\/\/linitiative.ca\/International\/wp-json\/wp\/v2\/categories?post=150071"},{"taxonomy":"post_tag","embeddable":true,"href":"https:\/\/linitiative.ca\/International\/wp-json\/wp\/v2\/tags?post=150071"}],"curies":[{"name":"wp","href":"https:\/\/api.w.org\/{rel}","templated":true}]}}