{"id":150073,"date":"2022-06-13T15:46:06","date_gmt":"2022-06-13T19:46:06","guid":{"rendered":"https:\/\/linitiative.ca\/International\/convocation-de-cellou-dalein-diallo-par-la-crief-souci-de-justice-ou-reglement-de-comptes\/"},"modified":"2022-06-13T15:46:06","modified_gmt":"2022-06-13T19:46:06","slug":"convocation-de-cellou-dalein-diallo-par-la-crief-souci-de-justice-ou-reglement-de-comptes","status":"publish","type":"post","link":"https:\/\/linitiative.ca\/International\/convocation-de-cellou-dalein-diallo-par-la-crief-souci-de-justice-ou-reglement-de-comptes\/","title":{"rendered":"CONVOCATION DE CELLOU DALEIN DIALLO PAR LA CRIEF : Souci de justice ou r\u00e8glement de comptes\u00a0?"},"content":{"rendered":"<div>\n<p><img loading=\"lazy\" decoding=\"async\" width=\"228\" height=\"221\" src=\"https:\/\/linitiative.ca\/International\/wp-content\/uploads\/sites\/23\/2022\/06\/dalein.jpg\" class=\"attachment- size- wp-post-image\" alt=\"\" style=\"float:left; margin:0 15px 15px 0;\" srcset=\"https:\/\/linitiative.ca\/International\/wp-content\/uploads\/sites\/23\/2022\/06\/dalein.jpg 228w, https:\/\/lepays.bf\/wp-content\/uploads\/2022\/06\/dalein-150x145.jpg 150w\" sizes=\"auto, (max-width: 228px) 100vw, 228px\">Le leader de l\u2019Union des forces d\u00e9mocratiques de Guin\u00e9e (UFDG), Cellou Dalein Diallo, \u00e9tait convoqu\u00e9, le 13 juin, par la Cour de r\u00e9pression des infractions \u00e9conomiques et financi\u00e8res (CRIEF) alors m\u00eame que l\u2019int\u00e9ress\u00e9 est hors du pays. A-t-il quitt\u00e9 le pays pour ne pas avoir [\u2026]<\/p>\n<p>L\u2019article <a rel=\"nofollow\" href=\"https:\/\/lepays.bf\/convocation-de-cellou-dalein-diallo-par-la-crief-souci-de-justice-ou-reglement-de-comptes\/\">CONVOCATION DE CELLOU DALEIN DIALLO PAR LA CRIEF : Souci de justice ou r\u00e8glement de comptes\u00a0?<\/a> est apparu en premier sur <a rel=\"nofollow\" href=\"https:\/\/lepays.bf\/\">Editions Le Pays<\/a>.<\/p>\n<\/div>\n<p>Auteur: Editions LEPAYS<br \/>\n<a href=\"https:\/\/lepays.bf\/convocation-de-cellou-dalein-diallo-par-la-crief-souci-de-justice-ou-reglement-de-comptes\/\">Cliquez ici pour lire l&rsquo;article depuis sa source.<\/a><\/p>\n","protected":false},"excerpt":{"rendered":"<p>Le leader de l\u2019Union des forces d\u00e9mocratiques de Guin\u00e9e (UFDG), Cellou Dalein Diallo, \u00e9tait convoqu\u00e9, le 13 juin, par la Cour de r\u00e9pression des infractions \u00e9conomiques et financi\u00e8res (CRIEF) alors m\u00eame que l\u2019int\u00e9ress\u00e9 est hors du pays. A-t-il quitt\u00e9 le pays pour ne pas avoir [\u2026] L\u2019article CONVOCATION DE CELLOU DALEIN DIALLO PAR LA CRIEF [&hellip;]<\/p>\n","protected":false},"author":1813,"featured_media":0,"comment_status":"closed","ping_status":"closed","sticky":false,"template":"","format":"standard","meta":{"fifu_image_url":"https:\/\/lepays.bf\/wp-content\/uploads\/2022\/06\/dalein.jpg","fifu_image_alt":"CONVOCATION DE CELLOU DALEIN DIALLO PAR LA CRIEF : Souci de justice ou r\u00e8glement de comptes\u00a0?","footnotes":""},"categories":[73,81],"tags":[],"class_list":["post-150073","post","type-post","status-publish","format-standard","hentry","category-actualite","category-burkina-faso"],"_links":{"self":[{"href":"https:\/\/linitiative.ca\/International\/wp-json\/wp\/v2\/posts\/150073","targetHints":{"allow":["GET"]}}],"collection":[{"href":"https:\/\/linitiative.ca\/International\/wp-json\/wp\/v2\/posts"}],"about":[{"href":"https:\/\/linitiative.ca\/International\/wp-json\/wp\/v2\/types\/post"}],"author":[{"embeddable":true,"href":"https:\/\/linitiative.ca\/International\/wp-json\/wp\/v2\/users\/1813"}],"replies":[{"embeddable":true,"href":"https:\/\/linitiative.ca\/International\/wp-json\/wp\/v2\/comments?post=150073"}],"version-history":[{"count":0,"href":"https:\/\/linitiative.ca\/International\/wp-json\/wp\/v2\/posts\/150073\/revisions"}],"wp:attachment":[{"href":"https:\/\/linitiative.ca\/International\/wp-json\/wp\/v2\/media?parent=150073"}],"wp:term":[{"taxonomy":"category","embeddable":true,"href":"https:\/\/linitiative.ca\/International\/wp-json\/wp\/v2\/categories?post=150073"},{"taxonomy":"post_tag","embeddable":true,"href":"https:\/\/linitiative.ca\/International\/wp-json\/wp\/v2\/tags?post=150073"}],"curies":[{"name":"wp","href":"https:\/\/api.w.org\/{rel}","templated":true}]}}