{"id":15008,"date":"2019-02-17T16:48:29","date_gmt":"2019-02-17T21:48:29","guid":{"rendered":"https:\/\/linitiative.ca\/International\/5e-anniversaire-du-mpp-lheure-du-bilan-de-trois-annees-de-gestion-du-pouvoir\/"},"modified":"2019-02-17T16:48:29","modified_gmt":"2019-02-17T21:48:29","slug":"5e-anniversaire-du-mpp-lheure-du-bilan-de-trois-annees-de-gestion-du-pouvoir","status":"publish","type":"post","link":"https:\/\/linitiative.ca\/International\/5e-anniversaire-du-mpp-lheure-du-bilan-de-trois-annees-de-gestion-du-pouvoir\/","title":{"rendered":"5e anniversaire du MPP L\u2019heure du bilan de trois ann\u00e9es de gestion du pouvoir"},"content":{"rendered":"<div class=\"td-post-featured-image\"><a href=\"https:\/\/i1.wp.com\/www.sidwaya.info\/wp-content\/uploads\/2019\/02\/simon.jpg?fit=787%2C525&#038;ssl=1\" data-caption=\"\"><img loading=\"lazy\" decoding=\"async\" width=\"696\" height=\"464\" class=\"entry-thumb td-modal-image\" src=\"https:\/\/i1.wp.com\/www.sidwaya.info\/wp-content\/uploads\/2019\/02\/simon.jpg?resize=696%2C464&#038;ssl=1\" srcset=\"https:\/\/i1.wp.com\/www.sidwaya.info\/wp-content\/uploads\/2019\/02\/simon.jpg?w=787&#038;ssl=1 787w, https:\/\/i1.wp.com\/www.sidwaya.info\/wp-content\/uploads\/2019\/02\/simon.jpg?resize=300%2C200&#038;ssl=1 300w, https:\/\/i1.wp.com\/www.sidwaya.info\/wp-content\/uploads\/2019\/02\/simon.jpg?resize=768%2C512&#038;ssl=1 768w, https:\/\/i1.wp.com\/www.sidwaya.info\/wp-content\/uploads\/2019\/02\/simon.jpg?resize=696%2C464&#038;ssl=1 696w, https:\/\/i1.wp.com\/www.sidwaya.info\/wp-content\/uploads\/2019\/02\/simon.jpg?resize=630%2C420&#038;ssl=1 630w\" sizes=\"auto, (max-width: 696px) 100vw, 696px\" alt=\"\" title=\"simon\"\/><\/a><\/div>\n<p><strong>Le pr\u00e9sident par int\u00e9rim du Mouvement du peuple pour le progr\u00e8s (MPP), Simon Compaor\u00e9, a annonc\u00e9, au cours d\u2019une conf\u00e9rence de presse, tenue \u00e0 Ouagadougou, le vendredi 15 f\u00e9vrier 2019, une s\u00e9rie d\u2019activit\u00e9s comm\u00e9moratives du cinqui\u00e8me anniversaire du parti au pouvoir.<\/strong><\/p>\n<p>Cr\u00e9\u00e9 le 4 janvier 2014, le Mouvement du peuple pour le progr\u00e8s (MPP) a souffl\u00e9 sa cinqui\u00e8me bougie cette ann\u00e9e. Pour marquer cet anniversaire, des activit\u00e9s de comm\u00e9moration sont pr\u00e9vues du 15 au 20 f\u00e9vrier 2019. Un an apr\u00e8s sa cr\u00e9ation, le \u00abparti du soleil levant\u00bb a remport\u00e9 l\u2019\u00e9lection pr\u00e9sidentielle qui a port\u00e9 le pr\u00e9sident Roch Marc Christian Kabor\u00e9 au pouvoir. Pour le pr\u00e9sident par int\u00e9rim du MPP, Simon Compaor\u00e9, cette victoire combin\u00e9e \u00e0 celle des l\u00e9gislatives en seulement une ann\u00e9e de vie est une prouesse. Il a saisi l\u2019occasion de cette conf\u00e9rence de presse pour faire le bilan de la gestion du pouvoir d\u2019Etat du MPP depuis 2016. Le premier point abord\u00e9 par Simon Compaor\u00e9 est le volet s\u00e9curitaire. De prime abord, il a salu\u00e9 l\u2019engagement et la d\u00e9termination des Forces de d\u00e9fense et de s\u00e9curit\u00e9 (FDS) dans le combat contre les terroristes, parlant d\u2019une \u00ab\u00a0vaste op\u00e9ration de d\u00e9stabilisation par terrorisme interpos\u00e9 depuis que le MPP est au pouvoir\u00a0\u00bb. D\u00e9crivant la situation comme un \u00abtourbillon d\u2019actions terroristes\u00bb, il a affirm\u00e9 que son parti a toujours cru en la r\u00e9silience des FDS et en leur capacit\u00e9 \u00e0 rebondir. \u00abElles sont en train de prendre le dessus en ce moment dans la traque de l\u2019hydre\u00bb, a-t-il avanc\u00e9. Toutefois, il a reconnu que la partie n\u2019est pas encore gagn\u00e9e, mais s\u2019est r\u00e9joui de la mont\u00e9e en puissance de ceux qui d\u00e9fendent ce pays.<\/p>\n<p>\u00abMalgr\u00e9 l\u2019adversit\u00e9\u2026\u00bb<\/p>\n<p>Dans sa d\u00e9claration liminaire, le pr\u00e9sident par int\u00e9rim du MPP a indiqu\u00e9 que l\u2019anniversaire du parti est une occasion pour ses camarades et lui de jeter un regard r\u00e9trospectif et faire un bilan partiel. Ils vont \u00e9galement faire des projections sur la vie politique du Burkina avec en ligne de mire, les prochaines \u00e9lections pr\u00e9sidentielle et l\u00e9gislatives. Selon M. Compaor\u00e9, sans \u00abl\u2019interm\u00e8de macabre terroriste pr\u00e9m\u00e9dit\u00e9\u00bb, ils auraient largement d\u00e9pass\u00e9 les pr\u00e9visions dans la mise en \u0153uvre du Plan national de d\u00e9veloppement \u00e9conomique et social (PNDES). Malgr\u00e9 tout, il cite des acquis tels que la mesure de gratuit\u00e9 des soins pour les femmes enceintes et les enfants de 0 \u00e0 5 ans, la construction d\u2019infrastructures sanitaires, l\u2019adoption et la mise en \u0153uvre avanc\u00e9e de la loi sur la Fonction publique hospitali\u00e8re, entre autres. Dans les secteurs comme celui de l\u2019eau et de l\u2019assainissement, de l\u2019enseignement sup\u00e9rieur et de la recherche scientifique, de l\u2019\u00e9ducation nationale, des infrastructures\u2026 il a parl\u00e9 des nombreuses r\u00e9alisations effectu\u00e9es et celles en cours. \u00abMalgr\u00e9 l\u2019adversit\u00e9, le PNDES est mis en \u0153uvre et des r\u00e9sultats fort appr\u00e9ciables ont \u00e9t\u00e9 enregistr\u00e9s\u00bb, a soulign\u00e9 Simon Compaor\u00e9.<br \/>Le Programme d\u2019urgence du Sahel du Burkina Faso (PUS-BF) a \u00e9t\u00e9 \u00e9voqu\u00e9 par le pr\u00e9sident int\u00e9rimaire du MPP. Pour lui, dans le cadre de ce plan, des maternit\u00e9s et des centres de sant\u00e9, des d\u00e9p\u00f4ts de m\u00e9dicaments et des \u00e9coles, des forages et syst\u00e8mes d\u2019adduction d\u2019eau potable ont \u00e9t\u00e9 r\u00e9alis\u00e9s. M. Compaor\u00e9 a ajout\u00e9 \u00e0 tout cela, les interconnexions \u00e9lectriques Kongoussi-Djibo et Kaya-Dori, la construction de pr\u00e9fectures, de r\u00e9sidences de pr\u00e9fets et de commissariats et l\u2019octroi de kits d\u2019installation \u00e0 des jeunes \u00e0 hauteur de 40 millions F CFA. Pour le conf\u00e9rencier, tout ce qui a \u00e9t\u00e9 cit\u00e9 n\u2019est qu\u2019un \u00e9chantillon de ce qui est fait et sera fait sous la direction du pr\u00e9sident Roch Marc Christian Kabor\u00e9.<\/p>\n<p>Tielm\u00e8 Innocent KAMBIRE<\/p>\n<div class=\"td-a-rec td-a-rec-id-content_bottom td_uid_21_5c69e3b65e6a9_rand td_block_template_1\"><img loading=\"lazy\" decoding=\"async\" class=\"alignright size-full wp-image-1724\" src=\"https:\/\/www.sidwaya.info\/wp-content\/uploads\/2018\/12\/sidwaya-pub.jpg\" alt=\"\" width=\"720\" height=\"90\"\/><\/div>\n<p>Auteur: BM. Sidwaya<br \/>\n<a href=\"https:\/\/www.sidwaya.info\/blog\/2019\/02\/17\/5e-anniversaire-du-mpp-lheure-du-bilan-de-trois-annees-de-gestion-du-pouvoir\/\">Cliquez ici pour lire l&rsquo;article depuis sa source.<\/a><\/p>\n","protected":false},"excerpt":{"rendered":"<p>Le pr\u00e9sident par int\u00e9rim du Mouvement du peuple pour le progr\u00e8s (MPP), Simon Compaor\u00e9, a annonc\u00e9, au cours d\u2019une conf\u00e9rence de presse, tenue \u00e0 Ouagadougou, le vendredi 15 f\u00e9vrier 2019, une s\u00e9rie d\u2019activit\u00e9s comm\u00e9moratives du cinqui\u00e8me anniversaire du parti au pouvoir. Cr\u00e9\u00e9 le 4 janvier 2014, le Mouvement du peuple pour le progr\u00e8s (MPP) a [&hellip;]<\/p>\n","protected":false},"author":1816,"featured_media":0,"comment_status":"closed","ping_status":"closed","sticky":false,"template":"","format":"standard","meta":{"fifu_image_url":"","fifu_image_alt":"","footnotes":""},"categories":[73,81],"tags":[],"class_list":["post-15008","post","type-post","status-publish","format-standard","hentry","category-actualite","category-burkina-faso"],"_links":{"self":[{"href":"https:\/\/linitiative.ca\/International\/wp-json\/wp\/v2\/posts\/15008","targetHints":{"allow":["GET"]}}],"collection":[{"href":"https:\/\/linitiative.ca\/International\/wp-json\/wp\/v2\/posts"}],"about":[{"href":"https:\/\/linitiative.ca\/International\/wp-json\/wp\/v2\/types\/post"}],"author":[{"embeddable":true,"href":"https:\/\/linitiative.ca\/International\/wp-json\/wp\/v2\/users\/1816"}],"replies":[{"embeddable":true,"href":"https:\/\/linitiative.ca\/International\/wp-json\/wp\/v2\/comments?post=15008"}],"version-history":[{"count":0,"href":"https:\/\/linitiative.ca\/International\/wp-json\/wp\/v2\/posts\/15008\/revisions"}],"wp:attachment":[{"href":"https:\/\/linitiative.ca\/International\/wp-json\/wp\/v2\/media?parent=15008"}],"wp:term":[{"taxonomy":"category","embeddable":true,"href":"https:\/\/linitiative.ca\/International\/wp-json\/wp\/v2\/categories?post=15008"},{"taxonomy":"post_tag","embeddable":true,"href":"https:\/\/linitiative.ca\/International\/wp-json\/wp\/v2\/tags?post=15008"}],"curies":[{"name":"wp","href":"https:\/\/api.w.org\/{rel}","templated":true}]}}