{"id":150080,"date":"2022-06-13T17:06:22","date_gmt":"2022-06-13T21:06:22","guid":{"rendered":"https:\/\/linitiative.ca\/International\/attaque-de-seytenga-3-173-personnes-accueillies-a-dori\/"},"modified":"2022-06-13T17:06:22","modified_gmt":"2022-06-13T21:06:22","slug":"attaque-de-seytenga-3-173-personnes-accueillies-a-dori","status":"publish","type":"post","link":"https:\/\/linitiative.ca\/International\/attaque-de-seytenga-3-173-personnes-accueillies-a-dori\/","title":{"rendered":"Attaque de Seytenga  : 3 173 personnes accueillies \u00e0 Dori"},"content":{"rendered":"<div>\n<p><strong>L\u2019attaque perp\u00e9tr\u00e9e, dans la nuit du 11 au 12 juin 2022, par des individus arm\u00e9s dans la commune de Seytenga a provoqu\u00e9 un d\u00e9placement de 3 173 personnes \u00e0 Dori, chef-lieu de la r\u00e9gion du Sahel. Les services de l\u2019action humanitaire sont \u00e0 pied d\u2019\u0153uvre pour faciliter leur prise en charge. <\/strong><\/p>\n<figure id=\"attachment_50817\" aria-describedby=\"caption-attachment-50817\" style=\"width: 225px\" class=\"wp-caption alignleft\"><img loading=\"lazy\" decoding=\"async\" data-attachment-id=\"50817\" data-permalink=\"https:\/\/www.sidwaya.info\/blog\/2022\/06\/13\/attaque-de-seytenga-3-173-personnes-accueillies-a-dori\/2-790\/\" data-orig-file=\"https:\/\/www.sidwaya.info\/wp-content\/uploads\/2022\/06\/2-18.jpg\" data-orig-size=\"446,595\" data-comments-opened=\"1\" data-image-meta='{\"aperture\":\"0\",\"credit\":\"\",\"camera\":\"\",\"caption\":\"\",\"created_timestamp\":\"0\",\"copyright\":\"\",\"focal_length\":\"0\",\"iso\":\"0\",\"shutter_speed\":\"0\",\"title\":\"\",\"orientation\":\"1\"}' data-image-title=\"2\" data-image-description=\"\" data-image-caption=\"\" data-medium-file=\"https:\/\/linitiative.ca\/International\/wp-content\/uploads\/sites\/23\/2022\/06\/2-18-225x300-1.jpg\" data-large-file=\"https:\/\/www.sidwaya.info\/wp-content\/uploads\/2022\/06\/2-18.jpg\" class=\"wp-image-50817 size-medium\" src=\"https:\/\/linitiative.ca\/International\/wp-content\/uploads\/sites\/23\/2022\/06\/2-18-225x300-1.jpg\" alt=\"\" width=\"225\" height=\"300\" srcset=\"https:\/\/linitiative.ca\/International\/wp-content\/uploads\/sites\/23\/2022\/06\/2-18-225x300-1.jpg 225w, https:\/\/www.sidwaya.info\/wp-content\/uploads\/2022\/06\/2-18-150x200.jpg 150w, https:\/\/www.sidwaya.info\/wp-content\/uploads\/2022\/06\/2-18-300x400.jpg 300w, https:\/\/www.sidwaya.info\/wp-content\/uploads\/2022\/06\/2-18-315x420.jpg 315w, https:\/\/www.sidwaya.info\/wp-content\/uploads\/2022\/06\/2-18.jpg 446w\" sizes=\"auto, (max-width: 225px) 100vw, 225px\"><figcaption id=\"caption-attachment-50817\" class=\"wp-caption-text\">Le directeur r\u00e9gional de l\u2019action humanitaire du Sahel, Lassan\u00e9 Ou\u00e9draogo : \u00ab les op\u00e9rations se d\u00e9roulent avec l\u2019accompagnement des autorit\u00e9s et des partenaires \u00bb.<\/figcaption><\/figure>\n<p>A la suite de l\u2019attaque dans la nuit du 11 au 12 juin 2022, dans la commune de Seytenga situ\u00e9e \u00e0 une quarantaine de km de Dori, chef-lieu de la r\u00e9gion du Sahel et \u00e0 une dizaine de la fronti\u00e8re nig\u00e9rienne, les populations ont trouv\u00e9 refuge dans la capitale du Liptako. Retrouv\u00e9 sur l\u2019un des trois sites des Personnes d\u00e9plac\u00e9es internes (PDI) de Dori, un ressortissant de Seytenga qui a requis l\u2019anonymat, a pr\u00e9cis\u00e9 qu\u2019il a quitt\u00e9 sa localit\u00e9 avec sa famille de 10 membres depuis la soir\u00e9e du vendredi 10 juin 2022.<\/p>\n<p>\u00ab Je suis venu \u00e0 Dori \u00e0 moto tandis que mes deux femmes et mes huit enfants ont emprunt\u00e9 un tricycle. Depuis le mercredi 8 juin o\u00f9 les individus arm\u00e9s ont tu\u00e9 trois personnes, suivi le lendemain de l\u2019attaque de la gendarmerie, il y avait d\u00e9j\u00e0 la psychose au sein de la population \u00bb, a retrac\u00e9 notre interlocuteur. Et d\u2019ajouter que de peur d\u2019\u00eatre des cibles des hommes arm\u00e9s, nombre de familles ont pr\u00e9f\u00e9r\u00e9 partir de Seytenga. C\u2019est apr\u00e8s notre d\u00e9part, a-t-il indiqu\u00e9, que les hommes arm\u00e9s non identifi\u00e9s ont attaqu\u00e9 \u00e0 nouveau la population. Log\u00e9 dans une famille d\u2019accueil, notre interlocuteur a confi\u00e9 avoir tout abandonn\u00e9 \u00e0 Seytenga en termes de vivres et de b\u00e9tail et m\u00eame de v\u00eatements.<\/p>\n<p>Abondant dans le m\u00eame sens, un rescap\u00e9 de l\u2019attaque du 11 au 12 juin dernier, H.D. dit avoir rejoint Dori avec toute sa famille de 12 membres dans la matin\u00e9e du dimanche 12 juin 2022.<\/p>\n<h2><strong>2 173 enfants enregistr\u00e9s<\/strong><\/h2>\n<p>\u00ab Lorsque nous avons entendu les tirs dans la nuit, nous avons quitt\u00e9 notre habitation pour nous r\u00e9fugier en brousse et au petit matin nous avons continu\u00e9 \u00e0 Dori \u00bb, a-t-il relat\u00e9. Toutes les personnes avec qui nous avons pu \u00e9changer ont indiqu\u00e9 avoir \u00e9t\u00e9 enregistr\u00e9es par les services de l\u2019action humanitaire. A en croire le directeur r\u00e9gional de l\u2019action humanitaire du Sahel, Lassan\u00e9 Ou\u00e9draogo, \u00e0 la date du 12 juin 2022, ses services ont d\u00e9nombr\u00e9 3 173 PDI dont 2 173 enfants et 500 femmes venus essentiellement de Seytenga dans le S\u00e9no et de Titab\u00e9 (localit\u00e9 voisine) dans le Yagha. Il a fait savoir que les op\u00e9rations se poursuivent et le point se fera chaque jour.<\/p>\n<figure id=\"attachment_50818\" aria-describedby=\"caption-attachment-50818\" style=\"width: 225px\" class=\"wp-caption alignright\"><img decoding=\"async\" data-attachment-id=\"50818\" data-permalink=\"https:\/\/www.sidwaya.info\/blog\/2022\/06\/13\/attaque-de-seytenga-3-173-personnes-accueillies-a-dori\/3-340\/\" data-orig-file=\"https:\/\/www.sidwaya.info\/wp-content\/uploads\/2022\/06\/3-9.jpg\" data-orig-size=\"446,595\" data-comments-opened=\"1\" data-image-meta='{\"aperture\":\"0\",\"credit\":\"\",\"camera\":\"\",\"caption\":\"\",\"created_timestamp\":\"0\",\"copyright\":\"\",\"focal_length\":\"0\",\"iso\":\"0\",\"shutter_speed\":\"0\",\"title\":\"\",\"orientation\":\"1\"}' data-image-title=\"3\" data-image-description=\"\" data-image-caption=\"\" data-medium-file=\"https:\/\/linitiative.ca\/International\/wp-content\/uploads\/sites\/23\/2022\/06\/3-9-225x300-1.jpg\" data-large-file=\"https:\/\/www.sidwaya.info\/wp-content\/uploads\/2022\/06\/3-9.jpg\" loading=\"lazy\" class=\"wp-image-50818 size-medium\" src=\"https:\/\/linitiative.ca\/International\/wp-content\/uploads\/sites\/23\/2022\/06\/3-9-225x300-1.jpg\" alt=\"\" width=\"225\" height=\"300\" srcset=\"https:\/\/linitiative.ca\/International\/wp-content\/uploads\/sites\/23\/2022\/06\/3-9-225x300-1.jpg 225w, https:\/\/www.sidwaya.info\/wp-content\/uploads\/2022\/06\/3-9-150x200.jpg 150w, https:\/\/www.sidwaya.info\/wp-content\/uploads\/2022\/06\/3-9-300x400.jpg 300w, https:\/\/www.sidwaya.info\/wp-content\/uploads\/2022\/06\/3-9-315x420.jpg 315w, https:\/\/www.sidwaya.info\/wp-content\/uploads\/2022\/06\/3-9.jpg 446w\" sizes=\"auto, (max-width: 225px) 100vw, 225px\"><figcaption id=\"caption-attachment-50818\" class=\"wp-caption-text\">Pour H.D, le plus important est de voir sa famille saine et sauve.<\/figcaption><\/figure>\n<p>\u00ab Il existe d\u2019abord les op\u00e9rations de d\u00e9nombrement pour faciliter la prise en charge. Lorsque les gens se d\u00e9placent nouvellement, il y a une assistance d\u2019urgence. C\u2019est une r\u00e9ponse que nous devons apporter rapidement pour soulager la souffrance des d\u00e9plac\u00e9s en r\u00e9pondant \u00e0 leurs besoins prioritaires urgents \u00bb, a expliqu\u00e9 M. Ou\u00e9draogo. De son avis, l\u2019op\u00e9ration de d\u00e9nombrement permet d\u2019avoir la taille de la population concern\u00e9e pour pourvoir apporter une assistance d\u2019urgence. Pour cette op\u00e9ration, a-t-il dit, une \u00e9quipe a \u00e9t\u00e9 d\u00e9ploy\u00e9e en vue d\u2019orienter les d\u00e9plac\u00e9s qui ne connaissent pas la ville vers la direction r\u00e9gionale de l\u2019action humanitaire. A partir de l\u00e0, une autre \u00e9quipe est sur le terrain pour diriger les d\u00e9plac\u00e9s vers les zones d\u2019accueil en fonction des affinit\u00e9s, contacts et des liens avec les populations h\u00f4tes. \u00ab Nous privil\u00e9gions les familles d\u2019accueil que les sites. Si la famille n\u2019a pas assez de concessions mais de l\u2019espace dans la cour, nous implantons un abri en fonction des personnes \u00e0 accueillir. Pour ceux qui n\u2019ont pas de famille d\u2019accueil, nous les envoyons sur des sites \u00bb, a laiss\u00e9 entendre Lassan\u00e9 Ou\u00e9draogo.<\/p>\n<p style=\"text-align: right\"><strong> Souaibou NOMBRE <\/strong><\/p>\n<p style=\"text-align: right\"><strong>snombre29@yahoo.fr <\/strong><\/p>\n<\/div>\n<p>Auteur: JK. Sidwaya<br \/>\n<a href=\"https:\/\/www.sidwaya.info\/blog\/2022\/06\/13\/attaque-de-seytenga-3-173-personnes-accueillies-a-dori\/\">Cliquez ici pour lire l&rsquo;article depuis sa source.<\/a><\/p>\n","protected":false},"excerpt":{"rendered":"<p>L\u2019attaque perp\u00e9tr\u00e9e, dans la nuit du 11 au 12 juin 2022, par des individus arm\u00e9s dans la commune de Seytenga a provoqu\u00e9 un d\u00e9placement de 3 173 personnes \u00e0 Dori, chef-lieu de la r\u00e9gion du Sahel. Les services de l\u2019action humanitaire sont \u00e0 pied d\u2019\u0153uvre pour faciliter leur prise en charge. Le directeur r\u00e9gional de [&hellip;]<\/p>\n","protected":false},"author":1816,"featured_media":0,"comment_status":"closed","ping_status":"closed","sticky":false,"template":"","format":"standard","meta":{"fifu_image_url":"https:\/\/www.sidwaya.info\/wp-content\/uploads\/2022\/06\/2-18-225x300.jpg","fifu_image_alt":"Attaque de Seytenga  : 3 173 personnes accueillies \u00e0 Dori","footnotes":""},"categories":[73,81],"tags":[],"class_list":["post-150080","post","type-post","status-publish","format-standard","hentry","category-actualite","category-burkina-faso"],"_links":{"self":[{"href":"https:\/\/linitiative.ca\/International\/wp-json\/wp\/v2\/posts\/150080","targetHints":{"allow":["GET"]}}],"collection":[{"href":"https:\/\/linitiative.ca\/International\/wp-json\/wp\/v2\/posts"}],"about":[{"href":"https:\/\/linitiative.ca\/International\/wp-json\/wp\/v2\/types\/post"}],"author":[{"embeddable":true,"href":"https:\/\/linitiative.ca\/International\/wp-json\/wp\/v2\/users\/1816"}],"replies":[{"embeddable":true,"href":"https:\/\/linitiative.ca\/International\/wp-json\/wp\/v2\/comments?post=150080"}],"version-history":[{"count":0,"href":"https:\/\/linitiative.ca\/International\/wp-json\/wp\/v2\/posts\/150080\/revisions"}],"wp:attachment":[{"href":"https:\/\/linitiative.ca\/International\/wp-json\/wp\/v2\/media?parent=150080"}],"wp:term":[{"taxonomy":"category","embeddable":true,"href":"https:\/\/linitiative.ca\/International\/wp-json\/wp\/v2\/categories?post=150080"},{"taxonomy":"post_tag","embeddable":true,"href":"https:\/\/linitiative.ca\/International\/wp-json\/wp\/v2\/tags?post=150080"}],"curies":[{"name":"wp","href":"https:\/\/api.w.org\/{rel}","templated":true}]}}