{"id":15009,"date":"2019-02-17T16:52:38","date_gmt":"2019-02-17T21:52:38","guid":{"rendered":"https:\/\/linitiative.ca\/International\/yacouba-isaac-zida-candidat-en-2020\/"},"modified":"2019-02-17T16:52:38","modified_gmt":"2019-02-17T21:52:38","slug":"yacouba-isaac-zida-candidat-en-2020","status":"publish","type":"post","link":"https:\/\/linitiative.ca\/International\/yacouba-isaac-zida-candidat-en-2020\/","title":{"rendered":"Yacouba Isaac Zida, candidat en 2020"},"content":{"rendered":"<p><img loading=\"lazy\" decoding=\"async\" class=\" wp-image-4358\" src=\"https:\/\/i0.wp.com\/www.sidwaya.info\/wp-content\/uploads\/2019\/02\/yizsid.jpg?resize=494%2C329&#038;ssl=1\" alt=\"\" width=\"494\" height=\"329\" srcset=\"https:\/\/i0.wp.com\/www.sidwaya.info\/wp-content\/uploads\/2019\/02\/yizsid.jpg?resize=300%2C200&#038;ssl=1 300w, https:\/\/i0.wp.com\/www.sidwaya.info\/wp-content\/uploads\/2019\/02\/yizsid.jpg?resize=768%2C512&#038;ssl=1 768w, https:\/\/i0.wp.com\/www.sidwaya.info\/wp-content\/uploads\/2019\/02\/yizsid.jpg?resize=696%2C464&#038;ssl=1 696w, https:\/\/i0.wp.com\/www.sidwaya.info\/wp-content\/uploads\/2019\/02\/yizsid.jpg?resize=630%2C420&#038;ssl=1 630w, https:\/\/i0.wp.com\/www.sidwaya.info\/wp-content\/uploads\/2019\/02\/yizsid.jpg?w=787&#038;ssl=1 787w\" sizes=\"auto, (max-width: 494px) 100vw, 494px\" data-recalc-dims=\"1\"\/>Pour le coordonnateur de la \u00ab\u00a0G\u00e9n\u00e9ration Zida pour la patrie\u00a0\u00bb, Sayouba Ou\u00e9draogo, Yacouba Isaac Zida est sorti grandi de la transition.<\/p>\n<p><strong>Un nouveau mouvement d\u00e9nomm\u00e9 \u00abG\u00e9n\u00e9ration Zida pour la patrie\u00bb appelle le Premier ministre de la Transition \u00e0 rentrer au pays, puis devenir candidat \u00e0 la pr\u00e9sidentielle de 2020. C\u2019\u00e9tait \u00e0 l\u2019occasion d\u2019une conf\u00e9rence de presse organis\u00e9e par ce mouvement, dans l\u2019apr\u00e8s-midi du samedi 16 f\u00e9vrier 2019 \u00e0 Bobo-Dioulasso.<\/strong><\/p>\n<p>Le 16 f\u00e9vrier 2019 \u00e9tait un \u00absamedi politique\u00bb \u00e0 Bobo-Dioulasso. Apr\u00e8s que Kadr\u00e9 D\u00e9sir\u00e9 Ou\u00e9draogo ait r\u00e9pondu \u00aboui\u00bb, dans la matin\u00e9e \u00e0 l\u2019appel de ses sympathisant pour \u00eatre candidat \u00e0 la pr\u00e9sidentielle de 2020, c\u2019est le tour de Yacouba Isaac Zida de se voir inviter \u00e0 briguer la magistrature supr\u00eame. Un nouveau mouvement d\u00e9nomm\u00e9 \u00abG\u00e9n\u00e9ration Zida pour la patrie\u00bb a, en effet, fait ce plaidoyer \u00e0 l\u2019occasion d\u2019une conf\u00e9rence de presse tenue dans l\u2019apr\u00e8s-midi du samedi 16 f\u00e9vrier 2019. Ce point de presse marque en m\u00eame temps le bapt\u00eame de feu du groupe, \u00e0 \u00e9couter ses leaders. Ils ont \u00e9gren\u00e9 les nombreux atouts sur lesquels ils se tablent pour demander la candidature du Premier ministre de la Transition. Par exemple \u00ab\u00a0cet homme a pris sur lui la responsabilit\u00e9 de ne pas laisser le Burkina Faso sombrer. C\u2019est avec abn\u00e9gation qu\u2019il a conduit la Transition \u00e0 bon port\u00bb, a cit\u00e9 le coordonnateur du mouvement, Sayouba Ou\u00e9draogo.<\/p>\n<p>Il a laiss\u00e9 entendre que la \u00ab\u00a0G\u00e9n\u00e9ration Zida pour la patrie\u00a0\u00bb veut rompre avec la vieille classe et les vieilles pratiques politiques. Et pour lui, Yacouba Isaac Zida est l\u2019homme de la situation. Ne craignez-vous pas que votre idole ait des ennuis avec la justice une fois de retour au pays\u00a0? A cette question des journalistes, il a r\u00e9pliqu\u00e9 qu\u2019ils ont la garantie que rien ne peut arriver \u00e0 leur idole une fois au pays. \u00ab\u00a0L\u2019ambassadeur du Burkina Faso au Canada a d\u00e9clar\u00e9 sur une radio nationale,qu\u2019il n\u2019y a, \u00e0 sa connaissance, aucun mandat d\u2019arr\u00eat contre Yacouba Isaac Zida\u00a0\u00bb, a soutenu le coordonnateur du groupe. Et d\u2019insister que si le pouvoir cherchait \u00e0 nuire \u00e0 leur candidat, il les croisera sur son chemin. Dans les prochains jours la \u00ab\u00a0G\u00e9n\u00e9ration Zida pour la patrie\u00a0\u00bb poursuivra sa campagne de conscientisation, d\u2019abord \u00e0 Ouagadougou, puis dans toutes les 13 r\u00e9gions du pays.<\/p>\n<p>\u2013 Alpha S\u00e9kou BARRY<\/p>\n<div class=\"td-a-rec td-a-rec-id-content_bottom td_uid_21_5c69e3b8c4446_rand td_block_template_1\"><img loading=\"lazy\" decoding=\"async\" class=\"alignright size-full wp-image-1724\" src=\"https:\/\/www.sidwaya.info\/wp-content\/uploads\/2018\/12\/sidwaya-pub.jpg\" alt=\"\" width=\"720\" height=\"90\"\/><\/div>\n<p>Auteur: BM. Sidwaya<br \/>\n<a href=\"https:\/\/www.sidwaya.info\/blog\/2019\/02\/17\/yacouba-isaac-zida-candidat-en-2020\/\">Cliquez ici pour lire l&rsquo;article depuis sa source.<\/a><\/p>\n","protected":false},"excerpt":{"rendered":"<p>Pour le coordonnateur de la \u00ab\u00a0G\u00e9n\u00e9ration Zida pour la patrie\u00a0\u00bb, Sayouba Ou\u00e9draogo, Yacouba Isaac Zida est sorti grandi de la transition. Un nouveau mouvement d\u00e9nomm\u00e9 \u00abG\u00e9n\u00e9ration Zida pour la patrie\u00bb appelle le Premier ministre de la Transition \u00e0 rentrer au pays, puis devenir candidat \u00e0 la pr\u00e9sidentielle de 2020. C\u2019\u00e9tait \u00e0 l\u2019occasion d\u2019une conf\u00e9rence de [&hellip;]<\/p>\n","protected":false},"author":1816,"featured_media":0,"comment_status":"closed","ping_status":"closed","sticky":false,"template":"","format":"standard","meta":{"fifu_image_url":"","fifu_image_alt":"","footnotes":""},"categories":[73,81],"tags":[],"class_list":["post-15009","post","type-post","status-publish","format-standard","hentry","category-actualite","category-burkina-faso"],"_links":{"self":[{"href":"https:\/\/linitiative.ca\/International\/wp-json\/wp\/v2\/posts\/15009","targetHints":{"allow":["GET"]}}],"collection":[{"href":"https:\/\/linitiative.ca\/International\/wp-json\/wp\/v2\/posts"}],"about":[{"href":"https:\/\/linitiative.ca\/International\/wp-json\/wp\/v2\/types\/post"}],"author":[{"embeddable":true,"href":"https:\/\/linitiative.ca\/International\/wp-json\/wp\/v2\/users\/1816"}],"replies":[{"embeddable":true,"href":"https:\/\/linitiative.ca\/International\/wp-json\/wp\/v2\/comments?post=15009"}],"version-history":[{"count":0,"href":"https:\/\/linitiative.ca\/International\/wp-json\/wp\/v2\/posts\/15009\/revisions"}],"wp:attachment":[{"href":"https:\/\/linitiative.ca\/International\/wp-json\/wp\/v2\/media?parent=15009"}],"wp:term":[{"taxonomy":"category","embeddable":true,"href":"https:\/\/linitiative.ca\/International\/wp-json\/wp\/v2\/categories?post=15009"},{"taxonomy":"post_tag","embeddable":true,"href":"https:\/\/linitiative.ca\/International\/wp-json\/wp\/v2\/tags?post=15009"}],"curies":[{"name":"wp","href":"https:\/\/api.w.org\/{rel}","templated":true}]}}