{"id":150090,"date":"2022-06-13T16:18:03","date_gmt":"2022-06-13T20:18:03","guid":{"rendered":"https:\/\/linitiative.ca\/International\/emma-theofelus-laureate-du-prix-2022-de-lonu-sur-la-population\/"},"modified":"2022-06-13T16:18:03","modified_gmt":"2022-06-13T20:18:03","slug":"emma-theofelus-laureate-du-prix-2022-de-lonu-sur-la-population","status":"publish","type":"post","link":"https:\/\/linitiative.ca\/International\/emma-theofelus-laureate-du-prix-2022-de-lonu-sur-la-population\/","title":{"rendered":"Emma Theofelus, laur\u00e9ate du Prix 2022 de l\u2019Onu sur la population"},"content":{"rendered":"<div>\n<p><img decoding=\"async\" width=\"811\" height=\"486\" src=\"https:\/\/linitiative.ca\/International\/wp-content\/uploads\/sites\/23\/2022\/06\/16551514835764.jpg\" class=\"attachment-post-thumbnail size-post-thumbnail wp-post-image\" alt=\"\" loading=\"lazy\" srcset=\"https:\/\/linitiative.ca\/International\/wp-content\/uploads\/sites\/23\/2022\/06\/16551514835764.jpg 811w, https:\/\/www.journalducameroun.com\/wp-content\/uploads\/2022\/06\/16551514835764-300x180.jpg 300w, https:\/\/www.journalducameroun.com\/wp-content\/uploads\/2022\/06\/16551514835764-768x460.jpg 768w, https:\/\/www.journalducameroun.com\/wp-content\/uploads\/2022\/06\/16551514835764-734x440.jpg 734w, https:\/\/www.journalducameroun.com\/wp-content\/uploads\/2022\/06\/16551514835764-600x360.jpg 600w\" sizes=\"auto, (max-width: 811px) 100vw, 811px\"><\/p>\n<p>La vice-ministre namibienne de l&rsquo;Information est r\u00e9compens\u00e9e par le Fonds des Nations Unies pour la population (UNFPA, sigle en anglais) pour ses actions en faveur de la sant\u00e9 sexuelle et reproductive.Emma Theofelus est le plus jeune laur\u00e9at du prix individuel de l&rsquo;Organisation des nations unies (Onu) sur la population depuis sa cr\u00e9ation en 1983. La Namibienne, qui est aussi parlementaire, s&rsquo;est distingu\u00e9e dans son pays et en Afrique australe \u00e0 travers la d\u00e9fense de l&rsquo;autonomisation des femmes et de la sant\u00e9 sexuelle et reproductive des adolescentes.<\/p>\n<p>\u00ab N\u00e9e en 1996, elle est l&rsquo;une des plus jeunes ministres d&rsquo;Afrique. Sa vision prenant en compte les pr\u00e9occupations des jeunes femmes, ainsi que son exp\u00e9rience en tant que d\u00e9fenseure de la sant\u00e9 reproductive et sexuelle, lui permettent de s&rsquo;adresser directement aux jeunes namibiens \u00bb, a \u00e9crit l&rsquo;Onu sur son site.<\/p>\n<p>Cette ann\u00e9e, le prix institutionnel a \u00e9t\u00e9 d\u00e9cern\u00e9 au Conseil national de la population et de la planification familiale d&rsquo;Indon\u00e9sie. BKKBN, le r\u00e9cipiendaire, est une agence gouvernementale charg\u00e9e de formuler des politiques nationales et des initiatives de planification familiale.<\/p>\n<p>Cet article <a rel=\"nofollow\" href=\"https:\/\/www.journalducameroun.com\/emma-theofelus-laureate-du-prix-2022-de-lonu-sur-la-population\/\">Emma Theofelus, laur\u00e9ate du Prix 2022 de l\u2019Onu sur la population<\/a> est apparu en premier sur <a rel=\"nofollow\" href=\"https:\/\/www.journalducameroun.com\/\">Journal du Cameroun<\/a>.<\/p>\n<\/div>\n<p>Auteur: APA News<br \/>\n<a href=\"https:\/\/www.journalducameroun.com\/emma-theofelus-laureate-du-prix-2022-de-lonu-sur-la-population\/\">Cliquez ici pour lire l&rsquo;article depuis sa source.<\/a><\/p>\n","protected":false},"excerpt":{"rendered":"<p>La vice-ministre namibienne de l&rsquo;Information est r\u00e9compens\u00e9e par le Fonds des Nations Unies pour la population (UNFPA, sigle en anglais) pour ses actions en faveur de la sant\u00e9 sexuelle et reproductive.Emma Theofelus est le plus jeune laur\u00e9at du prix individuel de l&rsquo;Organisation des nations unies (Onu) sur la population depuis sa cr\u00e9ation en 1983. La [&hellip;]<\/p>\n","protected":false},"author":1965,"featured_media":0,"comment_status":"closed","ping_status":"closed","sticky":false,"template":"","format":"standard","meta":{"fifu_image_url":"https:\/\/www.journalducameroun.com\/wp-content\/uploads\/2022\/06\/16551514835764.jpg","fifu_image_alt":"Emma Theofelus, laur\u00e9ate du Prix 2022 de l\u2019Onu sur la population","footnotes":""},"categories":[73,82],"tags":[],"class_list":["post-150090","post","type-post","status-publish","format-standard","hentry","category-actualite","category-cameroun"],"_links":{"self":[{"href":"https:\/\/linitiative.ca\/International\/wp-json\/wp\/v2\/posts\/150090","targetHints":{"allow":["GET"]}}],"collection":[{"href":"https:\/\/linitiative.ca\/International\/wp-json\/wp\/v2\/posts"}],"about":[{"href":"https:\/\/linitiative.ca\/International\/wp-json\/wp\/v2\/types\/post"}],"author":[{"embeddable":true,"href":"https:\/\/linitiative.ca\/International\/wp-json\/wp\/v2\/users\/1965"}],"replies":[{"embeddable":true,"href":"https:\/\/linitiative.ca\/International\/wp-json\/wp\/v2\/comments?post=150090"}],"version-history":[{"count":0,"href":"https:\/\/linitiative.ca\/International\/wp-json\/wp\/v2\/posts\/150090\/revisions"}],"wp:attachment":[{"href":"https:\/\/linitiative.ca\/International\/wp-json\/wp\/v2\/media?parent=150090"}],"wp:term":[{"taxonomy":"category","embeddable":true,"href":"https:\/\/linitiative.ca\/International\/wp-json\/wp\/v2\/categories?post=150090"},{"taxonomy":"post_tag","embeddable":true,"href":"https:\/\/linitiative.ca\/International\/wp-json\/wp\/v2\/tags?post=150090"}],"curies":[{"name":"wp","href":"https:\/\/api.w.org\/{rel}","templated":true}]}}