{"id":150092,"date":"2022-06-13T17:18:03","date_gmt":"2022-06-13T21:18:03","guid":{"rendered":"https:\/\/linitiative.ca\/International\/can-2023-le-maroc-bat-liberia-2-0\/"},"modified":"2022-06-13T17:18:03","modified_gmt":"2022-06-13T21:18:03","slug":"can-2023-le-maroc-bat-liberia-2-0","status":"publish","type":"post","link":"https:\/\/linitiative.ca\/International\/can-2023-le-maroc-bat-liberia-2-0\/","title":{"rendered":"CAN-2023 : Le Maroc bat Liberia (2-0)"},"content":{"rendered":"<div>\n<p><img decoding=\"async\" width=\"284\" height=\"177\" src=\"https:\/\/linitiative.ca\/International\/wp-content\/uploads\/sites\/23\/2022\/06\/16551550847849.jpg\" class=\"attachment-post-thumbnail size-post-thumbnail wp-post-image\" alt=\"\" loading=\"lazy\"><\/p>\n<p>La s\u00e9lection marocaine de football a battu son homologue du Liberia sur le score de 2 \u00e0 0, lundi \u00e0 Casablanca, en match comptant pour les \u00e9liminatoires de la Coupe d&rsquo;Afrique des Nations, qui aura lieu en C\u00f4te d&rsquo;Ivoire en 2023.Lors de cette rencontre, d\u00e9cisive pour poin\u00e7onner leur ticket pour la phase finale, les Lions de l&rsquo;Atlas ont fait l&rsquo;essentiel en signant leur deuxi\u00e8me victoire d&rsquo;affil\u00e9e, apr\u00e8s leur succ\u00e8s, jeudi dernier \u00e0 Rabat, face \u00e0 l&rsquo;Afrique du Sud (2-1).<\/p>\n<p>La premi\u00e8re manche de cette rencontre a \u00e9t\u00e9 peu convaincante en ce sens que le ballon \u00e9tait concentr\u00e9 en milieu de terrain avec un jeu m\u00e9diocre et monotone des deux \u00e9quipes.<\/p>\n<p>De retour des vestiaires, la s\u00e9lection marocaine a chang\u00e9 de tactique de jeu avec des p\u00e9n\u00e9trations depuis le milieu de terrain ce qui a cr\u00e9\u00e9 des br\u00e8ches dans la d\u00e9fense adverse. Sur une passe vers l&rsquo;attaquant Amine Harit, celui-ci a \u00e9t\u00e9 fauch\u00e9 dans la surface de r\u00e9paration. L&rsquo;arbitre siffle penalty, transform\u00e9 avec succ\u00e8s par Fai\u00e7al Fajr \u00e0 la 55\u00e8me minute du jeu. Deux minutes plus tard, Youssef Nsairi trouve les filets apr\u00e8s une passe d\u00e9cisive de virevoltant Azzedine Onahi.<\/p>\n<p>Au terme de cette deuxi\u00e8me journ\u00e9e, le Maroc est leader de cette poule (6 points) qui ne comprend que trois \u00e9quipes, apr\u00e8s la suspension du Zimbabwe par la F\u00e9d\u00e9ration internationale de football (FIFA). L&rsquo;Afrique du Sud et le Liberia n&rsquo;ont que 0 point dans le compteur.<\/p>\n<p>Cet article <a rel=\"nofollow\" href=\"https:\/\/www.journalducameroun.com\/can-2023-le-maroc-bat-liberia-2-0\/\">CAN-2023 : Le Maroc bat Liberia (2-0)<\/a> est apparu en premier sur <a rel=\"nofollow\" href=\"https:\/\/www.journalducameroun.com\/\">Journal du Cameroun<\/a>.<\/p>\n<\/div>\n<p>Auteur: APA News<br \/>\n<a href=\"https:\/\/www.journalducameroun.com\/can-2023-le-maroc-bat-liberia-2-0\/\">Cliquez ici pour lire l&rsquo;article depuis sa source.<\/a><\/p>\n","protected":false},"excerpt":{"rendered":"<p>La s\u00e9lection marocaine de football a battu son homologue du Liberia sur le score de 2 \u00e0 0, lundi \u00e0 Casablanca, en match comptant pour les \u00e9liminatoires de la Coupe d&rsquo;Afrique des Nations, qui aura lieu en C\u00f4te d&rsquo;Ivoire en 2023.Lors de cette rencontre, d\u00e9cisive pour poin\u00e7onner leur ticket pour la phase finale, les Lions [&hellip;]<\/p>\n","protected":false},"author":1965,"featured_media":0,"comment_status":"closed","ping_status":"closed","sticky":false,"template":"","format":"standard","meta":{"fifu_image_url":"https:\/\/www.journalducameroun.com\/wp-content\/uploads\/2022\/06\/16551550847849.jpg","fifu_image_alt":"CAN-2023 : Le Maroc bat Liberia (2-0)","footnotes":""},"categories":[73,82],"tags":[],"class_list":["post-150092","post","type-post","status-publish","format-standard","hentry","category-actualite","category-cameroun"],"_links":{"self":[{"href":"https:\/\/linitiative.ca\/International\/wp-json\/wp\/v2\/posts\/150092","targetHints":{"allow":["GET"]}}],"collection":[{"href":"https:\/\/linitiative.ca\/International\/wp-json\/wp\/v2\/posts"}],"about":[{"href":"https:\/\/linitiative.ca\/International\/wp-json\/wp\/v2\/types\/post"}],"author":[{"embeddable":true,"href":"https:\/\/linitiative.ca\/International\/wp-json\/wp\/v2\/users\/1965"}],"replies":[{"embeddable":true,"href":"https:\/\/linitiative.ca\/International\/wp-json\/wp\/v2\/comments?post=150092"}],"version-history":[{"count":0,"href":"https:\/\/linitiative.ca\/International\/wp-json\/wp\/v2\/posts\/150092\/revisions"}],"wp:attachment":[{"href":"https:\/\/linitiative.ca\/International\/wp-json\/wp\/v2\/media?parent=150092"}],"wp:term":[{"taxonomy":"category","embeddable":true,"href":"https:\/\/linitiative.ca\/International\/wp-json\/wp\/v2\/categories?post=150092"},{"taxonomy":"post_tag","embeddable":true,"href":"https:\/\/linitiative.ca\/International\/wp-json\/wp\/v2\/tags?post=150092"}],"curies":[{"name":"wp","href":"https:\/\/api.w.org\/{rel}","templated":true}]}}