{"id":150094,"date":"2022-06-13T17:18:04","date_gmt":"2022-06-13T21:18:04","guid":{"rendered":"https:\/\/linitiative.ca\/International\/ua-le-maroc-appelle-a-la-mise-en-place-dun-sous-comite-rattache-au-f15\/"},"modified":"2022-06-13T17:18:04","modified_gmt":"2022-06-13T21:18:04","slug":"ua-le-maroc-appelle-a-la-mise-en-place-dun-sous-comite-rattache-au-f15","status":"publish","type":"post","link":"https:\/\/linitiative.ca\/International\/ua-le-maroc-appelle-a-la-mise-en-place-dun-sous-comite-rattache-au-f15\/","title":{"rendered":"UA: Le Maroc appelle \u00e0 la mise en place d\u2019un sous-comit\u00e9 rattach\u00e9 au F15"},"content":{"rendered":"<div>\n<p><img decoding=\"async\" width=\"1600\" height=\"1200\" src=\"https:\/\/linitiative.ca\/International\/wp-content\/uploads\/sites\/23\/2022\/06\/16551550846932.jpg\" class=\"attachment-post-thumbnail size-post-thumbnail wp-post-image\" alt=\"\" loading=\"lazy\" srcset=\"https:\/\/linitiative.ca\/International\/wp-content\/uploads\/sites\/23\/2022\/06\/16551550846932.jpg 1600w, https:\/\/www.journalducameroun.com\/wp-content\/uploads\/2022\/06\/16551550846932-300x225.jpg 300w, https:\/\/www.journalducameroun.com\/wp-content\/uploads\/2022\/06\/16551550846932-1024x768.jpg 1024w, https:\/\/www.journalducameroun.com\/wp-content\/uploads\/2022\/06\/16551550846932-768x576.jpg 768w, https:\/\/www.journalducameroun.com\/wp-content\/uploads\/2022\/06\/16551550846932-1536x1152.jpg 1536w, https:\/\/www.journalducameroun.com\/wp-content\/uploads\/2022\/06\/16551550846932-587x440.jpg 587w, https:\/\/www.journalducameroun.com\/wp-content\/uploads\/2022\/06\/16551550846932-600x450.jpg 600w\" sizes=\"auto, (max-width: 1600px) 100vw, 1600px\"><\/p>\n<p>La ministre marocaine de l&rsquo;Economie et des Finances, Nadia Fettah, a appel\u00e9, lundi \u00e0 Rabat, \u00e0 la mise en place d&rsquo;un sous-comit\u00e9 rattach\u00e9 au Comit\u00e9 des quinze ministres des Finances (F15) de l&rsquo;Union africaine (UA), qui servirait de plateforme de r\u00e9flexion sur les moyens de renforcer la performance du budget de l&rsquo;organisation panafricaine.\u00b2\u00a0\u00bbJe souhaiterai soumettre l&rsquo;id\u00e9e de la mise en place d&rsquo;un groupe de travail rattach\u00e9 au Comit\u00e9 F15, qui servirait de plateforme de r\u00e9flexion et de proposition sur les moyens de renforcer la performance du budget de l&rsquo;UA et d&rsquo;am\u00e9liorer l&rsquo;efficacit\u00e9 de ses d\u00e9penses\u00a0\u00bb, a-t-elle indiqu\u00e9 \u00e0 l&rsquo;ouverture des travaux de la r\u00e9union de haut niveau du comit\u00e9 F15.<\/p>\n<p>Elle a, \u00e0 cet effet, affirm\u00e9 qu&rsquo;un tel m\u00e9canisme de concertation, qui pourrait prendre la forme d&rsquo;un sous-comit\u00e9 restreint, permettra, gr\u00e2ce \u00e0 son agilit\u00e9 fonctionnelle et son mandat focalis\u00e9 sur la performance budg\u00e9taire, de faire \u00e9merger des recommandations concr\u00e8tes pour accompagner la Commission de l&rsquo;UA dans la mise en place d&rsquo;une v\u00e9ritable d\u00e9marche de performance.<\/p>\n<p>\u00ab\u00a0Nos concitoyens africains appellent de leurs v\u0153ux une Union Africaine forte, dynamique et capable d&rsquo;apporter des solutions tangibles aux diff\u00e9rentes probl\u00e9matiques auxquelles font face les pays du continent\u00a0\u00bb, a-t-elle dit, relevant, dans ce sens, que la r\u00e9alisation de cette aspiration \u00ab\u00a0l\u00e9gitime\u00a0\u00bb reste, n\u00e9anmoins, tributaire de l&rsquo;intensification des efforts de toutes les parties engag\u00e9es dans le processus de r\u00e9formes institutionnelles initi\u00e9es par l&rsquo;Union depuis 2016.<\/p>\n<p>Rappelons que cette retraite constitue l&rsquo;occasion pour le F15 et l&rsquo;ensemble de ses membres de r\u00e9it\u00e9rer leur engagement en faveur des r\u00e9formes enclench\u00e9es par la D\u00e9cision de Kigali, visant \u00e0 promouvoir une culture budg\u00e9taire et financi\u00e8re ax\u00e9e sur les principes de bonne gouvernance et de reddition des comptes au sein de l&rsquo;Union, la responsable gouvernementale a salu\u00e9 les efforts d\u00e9ploy\u00e9s par la Commission de l&rsquo;UA, qui ont permis des avanc\u00e9es notables dans la mise en \u0153uvre des r\u00e9formes institutionnelles dans ses composantes les plus importantes.<\/p>\n<p>Organis\u00e9e conjointement par le minist\u00e8re de l&rsquo;\u00c9conomie et des Finances et l&rsquo;UA, sous le th\u00e8me \u00ab\u00a0Au-del\u00e0 de la pand\u00e9mie de la Covid-19 et du conflit Ukrainien : Renforcer la r\u00e9silience des \u00e9conomies africaines et la viabilit\u00e9 financi\u00e8re de l&rsquo;Union Africaine\u00a0\u00bb, cette r\u00e9union se penche, entre autres, sur l&rsquo;apr\u00e8s Covid-19, la crise ukrainienne et le redressement \u00e9conomique, la viabilit\u00e9 financi\u00e8re de l&rsquo;UA ainsi que sur la performance du F15.<\/p>\n<p>La r\u00e9union conna\u00eet la participation, entre autres, des ministres des finances des \u00c9tats membres de l&rsquo;UA constituant le Comit\u00e9, du commissaire au d\u00e9veloppement \u00e9conomique, commerce, industrie et exploitation mini\u00e8re de l&rsquo;UA, des experts des minist\u00e8res des Finances du Comit\u00e9, des repr\u00e9sentants permanents, ainsi que des repr\u00e9sentants de la Commission de l&rsquo;UA et de l&rsquo;Initiative africaine concert\u00e9e sur la r\u00e9forme budg\u00e9taire.<\/p>\n<p>Cet article <a rel=\"nofollow\" href=\"https:\/\/www.journalducameroun.com\/ua-le-maroc-appelle-a-la-mise-en-place-dun-sous-comite-rattache-au-f15\/\">UA: Le Maroc appelle \u00e0 la mise en place d\u2019un sous-comit\u00e9 rattach\u00e9 au F15<\/a> est apparu en premier sur <a rel=\"nofollow\" href=\"https:\/\/www.journalducameroun.com\/\">Journal du Cameroun<\/a>.<\/p>\n<\/div>\n<p>Auteur: APA News<br \/>\n<a href=\"https:\/\/www.journalducameroun.com\/ua-le-maroc-appelle-a-la-mise-en-place-dun-sous-comite-rattache-au-f15\/\">Cliquez ici pour lire l&rsquo;article depuis sa source.<\/a><\/p>\n","protected":false},"excerpt":{"rendered":"<p>La ministre marocaine de l&rsquo;Economie et des Finances, Nadia Fettah, a appel\u00e9, lundi \u00e0 Rabat, \u00e0 la mise en place d&rsquo;un sous-comit\u00e9 rattach\u00e9 au Comit\u00e9 des quinze ministres des Finances (F15) de l&rsquo;Union africaine (UA), qui servirait de plateforme de r\u00e9flexion sur les moyens de renforcer la performance du budget de l&rsquo;organisation panafricaine.\u00b2\u00a0\u00bbJe souhaiterai soumettre [&hellip;]<\/p>\n","protected":false},"author":1965,"featured_media":0,"comment_status":"closed","ping_status":"closed","sticky":false,"template":"","format":"standard","meta":{"fifu_image_url":"https:\/\/www.journalducameroun.com\/wp-content\/uploads\/2022\/06\/16551550846932.jpg","fifu_image_alt":"UA: Le Maroc appelle \u00e0 la mise en place d\u2019un sous-comit\u00e9 rattach\u00e9 au F15","footnotes":""},"categories":[73,82],"tags":[],"class_list":["post-150094","post","type-post","status-publish","format-standard","hentry","category-actualite","category-cameroun"],"_links":{"self":[{"href":"https:\/\/linitiative.ca\/International\/wp-json\/wp\/v2\/posts\/150094","targetHints":{"allow":["GET"]}}],"collection":[{"href":"https:\/\/linitiative.ca\/International\/wp-json\/wp\/v2\/posts"}],"about":[{"href":"https:\/\/linitiative.ca\/International\/wp-json\/wp\/v2\/types\/post"}],"author":[{"embeddable":true,"href":"https:\/\/linitiative.ca\/International\/wp-json\/wp\/v2\/users\/1965"}],"replies":[{"embeddable":true,"href":"https:\/\/linitiative.ca\/International\/wp-json\/wp\/v2\/comments?post=150094"}],"version-history":[{"count":0,"href":"https:\/\/linitiative.ca\/International\/wp-json\/wp\/v2\/posts\/150094\/revisions"}],"wp:attachment":[{"href":"https:\/\/linitiative.ca\/International\/wp-json\/wp\/v2\/media?parent=150094"}],"wp:term":[{"taxonomy":"category","embeddable":true,"href":"https:\/\/linitiative.ca\/International\/wp-json\/wp\/v2\/categories?post=150094"},{"taxonomy":"post_tag","embeddable":true,"href":"https:\/\/linitiative.ca\/International\/wp-json\/wp\/v2\/tags?post=150094"}],"curies":[{"name":"wp","href":"https:\/\/api.w.org\/{rel}","templated":true}]}}