{"id":150096,"date":"2022-06-13T17:18:04","date_gmt":"2022-06-13T21:18:04","guid":{"rendered":"https:\/\/linitiative.ca\/International\/ukraine-le-jeune-marocain-emprisonne-par-une-entite-qui-nest-reconnue-ni-par-lonu-ni-par-le-maroc\/"},"modified":"2022-06-13T17:18:04","modified_gmt":"2022-06-13T21:18:04","slug":"ukraine-le-jeune-marocain-emprisonne-par-une-entite-qui-nest-reconnue-ni-par-lonu-ni-par-le-maroc","status":"publish","type":"post","link":"https:\/\/linitiative.ca\/International\/ukraine-le-jeune-marocain-emprisonne-par-une-entite-qui-nest-reconnue-ni-par-lonu-ni-par-le-maroc\/","title":{"rendered":"Ukraine: le jeune Marocain emprisonn\u00e9 par une entit\u00e9 qui n\u2019est reconnue ni par l\u2019ONU ni par le Maroc"},"content":{"rendered":"<div>\n<p><img decoding=\"async\" width=\"1400\" height=\"854\" src=\"https:\/\/linitiative.ca\/International\/wp-content\/uploads\/sites\/23\/2022\/06\/16551550843959.jpg\" class=\"attachment-post-thumbnail size-post-thumbnail wp-post-image\" alt=\"\" loading=\"lazy\" srcset=\"https:\/\/linitiative.ca\/International\/wp-content\/uploads\/sites\/23\/2022\/06\/16551550843959.jpg 1400w, https:\/\/www.journalducameroun.com\/wp-content\/uploads\/2022\/06\/16551550843959-300x183.jpg 300w, https:\/\/www.journalducameroun.com\/wp-content\/uploads\/2022\/06\/16551550843959-1024x625.jpg 1024w, https:\/\/www.journalducameroun.com\/wp-content\/uploads\/2022\/06\/16551550843959-768x468.jpg 768w, https:\/\/www.journalducameroun.com\/wp-content\/uploads\/2022\/06\/16551550843959-721x440.jpg 721w, https:\/\/www.journalducameroun.com\/wp-content\/uploads\/2022\/06\/16551550843959-600x366.jpg 600w\" sizes=\"auto, (max-width: 1400px) 100vw, 1400px\"><\/p>\n<p>Le jeune marocain Brahim Saadoun, enr\u00f4l\u00e9 dans l&rsquo;arm\u00e9e Ukrainienne de sa propre volont\u00e9, se trouve actuellement emprisonn\u00e9 par une entit\u00e9 qui n&rsquo;est reconnue ni par les Nations Unies ni par le Maroc, pr\u00e9cisent des sources de l&rsquo;ambassade du Royaume \u00e0 Kiev.Selon les m\u00eames sources, Saadoun a \u00e9t\u00e9 \u201ccaptur\u00e9 portant l&rsquo;uniforme de l&rsquo;arm\u00e9e de l&rsquo;Etat d&rsquo;Ukraine, en tant que membre d&rsquo;une unit\u00e9 de la Marine ukrainienne\u201d.<\/p>\n<p>\u201cDans ses d\u00e9clarations, l&rsquo;int\u00e9ress\u00e9 a confirm\u00e9 s&rsquo;\u00eatre enr\u00f4l\u00e9, de sa propre volont\u00e9, dans l&rsquo;arm\u00e9e ukrainienne\u201d, explique-t-on de m\u00eame source, ajoutant qu&rsquo;il a m\u00eame indiqu\u00e9 disposer de la nationalit\u00e9 ukrainienne, \u201cinformation qui a \u00e9t\u00e9, par ailleurs, confirm\u00e9e par son p\u00e8re\u201d.<\/p>\n<p>Cet article <a rel=\"nofollow\" href=\"https:\/\/www.journalducameroun.com\/ukraine-le-jeune-marocain-emprisonne-par-une-entite-qui-nest-reconnue-ni-par-lonu-ni-par-le-maroc\/\">Ukraine: le jeune Marocain emprisonn\u00e9 par une entit\u00e9 qui n\u2019est reconnue ni par l\u2019ONU ni par le Maroc<\/a> est apparu en premier sur <a rel=\"nofollow\" href=\"https:\/\/www.journalducameroun.com\/\">Journal du Cameroun<\/a>.<\/p>\n<\/div>\n<p>Auteur: APA News<br \/>\n<a href=\"https:\/\/www.journalducameroun.com\/ukraine-le-jeune-marocain-emprisonne-par-une-entite-qui-nest-reconnue-ni-par-lonu-ni-par-le-maroc\/\">Cliquez ici pour lire l&rsquo;article depuis sa source.<\/a><\/p>\n","protected":false},"excerpt":{"rendered":"<p>Le jeune marocain Brahim Saadoun, enr\u00f4l\u00e9 dans l&rsquo;arm\u00e9e Ukrainienne de sa propre volont\u00e9, se trouve actuellement emprisonn\u00e9 par une entit\u00e9 qui n&rsquo;est reconnue ni par les Nations Unies ni par le Maroc, pr\u00e9cisent des sources de l&rsquo;ambassade du Royaume \u00e0 Kiev.Selon les m\u00eames sources, Saadoun a \u00e9t\u00e9 \u201ccaptur\u00e9 portant l&rsquo;uniforme de l&rsquo;arm\u00e9e de l&rsquo;Etat d&rsquo;Ukraine, [&hellip;]<\/p>\n","protected":false},"author":1965,"featured_media":0,"comment_status":"closed","ping_status":"closed","sticky":false,"template":"","format":"standard","meta":{"fifu_image_url":"https:\/\/www.journalducameroun.com\/wp-content\/uploads\/2022\/06\/16551550843959.jpg","fifu_image_alt":"Ukraine: le jeune Marocain emprisonn\u00e9 par une entit\u00e9 qui n\u2019est reconnue ni par l\u2019ONU ni par le Maroc","footnotes":""},"categories":[73,82],"tags":[],"class_list":["post-150096","post","type-post","status-publish","format-standard","hentry","category-actualite","category-cameroun"],"_links":{"self":[{"href":"https:\/\/linitiative.ca\/International\/wp-json\/wp\/v2\/posts\/150096","targetHints":{"allow":["GET"]}}],"collection":[{"href":"https:\/\/linitiative.ca\/International\/wp-json\/wp\/v2\/posts"}],"about":[{"href":"https:\/\/linitiative.ca\/International\/wp-json\/wp\/v2\/types\/post"}],"author":[{"embeddable":true,"href":"https:\/\/linitiative.ca\/International\/wp-json\/wp\/v2\/users\/1965"}],"replies":[{"embeddable":true,"href":"https:\/\/linitiative.ca\/International\/wp-json\/wp\/v2\/comments?post=150096"}],"version-history":[{"count":0,"href":"https:\/\/linitiative.ca\/International\/wp-json\/wp\/v2\/posts\/150096\/revisions"}],"wp:attachment":[{"href":"https:\/\/linitiative.ca\/International\/wp-json\/wp\/v2\/media?parent=150096"}],"wp:term":[{"taxonomy":"category","embeddable":true,"href":"https:\/\/linitiative.ca\/International\/wp-json\/wp\/v2\/categories?post=150096"},{"taxonomy":"post_tag","embeddable":true,"href":"https:\/\/linitiative.ca\/International\/wp-json\/wp\/v2\/tags?post=150096"}],"curies":[{"name":"wp","href":"https:\/\/api.w.org\/{rel}","templated":true}]}}