{"id":15010,"date":"2019-02-17T16:55:59","date_gmt":"2019-02-17T21:55:59","guid":{"rendered":"https:\/\/linitiative.ca\/International\/election-presidentielle-de-2020-kadre-desire-ouedraogo-dans-les-starting-blocks\/"},"modified":"2019-02-17T16:55:59","modified_gmt":"2019-02-17T21:55:59","slug":"election-presidentielle-de-2020-kadre-desire-ouedraogo-dans-les-starting-blocks","status":"publish","type":"post","link":"https:\/\/linitiative.ca\/International\/election-presidentielle-de-2020-kadre-desire-ouedraogo-dans-les-starting-blocks\/","title":{"rendered":"Election pr\u00e9sidentielle de 2020 Kadr\u00e9 D\u00e9sir\u00e9 Ou\u00e9draogo dans les starting-blocks"},"content":{"rendered":"<p><img loading=\"lazy\" decoding=\"async\" class=\" wp-image-4361\" src=\"https:\/\/i2.wp.com\/www.sidwaya.info\/wp-content\/uploads\/2019\/02\/kadredo.jpg?resize=446%2C379&#038;ssl=1\" alt=\"\" width=\"446\" height=\"379\" srcset=\"https:\/\/i2.wp.com\/www.sidwaya.info\/wp-content\/uploads\/2019\/02\/kadredo.jpg?resize=300%2C255&#038;ssl=1 300w, https:\/\/i2.wp.com\/www.sidwaya.info\/wp-content\/uploads\/2019\/02\/kadredo.jpg?resize=768%2C653&#038;ssl=1 768w, https:\/\/i2.wp.com\/www.sidwaya.info\/wp-content\/uploads\/2019\/02\/kadredo.jpg?resize=696%2C592&#038;ssl=1 696w, https:\/\/i2.wp.com\/www.sidwaya.info\/wp-content\/uploads\/2019\/02\/kadredo.jpg?resize=494%2C420&#038;ssl=1 494w, https:\/\/i2.wp.com\/www.sidwaya.info\/wp-content\/uploads\/2019\/02\/kadredo.jpg?w=787&#038;ssl=1 787w\" sizes=\"auto, (max-width: 446px) 100vw, 446px\" data-recalc-dims=\"1\"\/>Occuper le palais de Kosyam est d\u00e9sormais l\u2019objectif principal de Kadr\u00e9 D\u00e9sir\u00e9 Ou\u00e9draogo, futur candidat en 2020.<\/p>\n<p><strong>L\u2019assembl\u00e9e g\u00e9n\u00e9rale du groupe d\u2019initiative \u00ab\u00a0KDO 2020\u00a0\u00bb et du mouvement \u00ab\u00a0KDO 2020\u00a0\u00bb s\u2019est tenue, le samedi 16 f\u00e9vrier 2019 \u00e0 Bobo-Dioulasso. Au cours de la c\u00e9r\u00e9monie, l\u2019ancien Premier ministre a annonc\u00e9 sa candidature pour l\u2019\u00e9lection pr\u00e9sidentielle de 2020.<\/strong><\/p>\n<p>Ce n\u2019est plus un secret de polichinelle. L\u2019ancien Premier ministre et ancien pr\u00e9sident de la commission de la Communaut\u00e9 \u00e9conomique des Etats de l\u2019Afrique de l\u2019Ouest (CEDEAO), Kadr\u00e9 D\u00e9sir\u00e9 Ou\u00e9draogo est candidat \u00e0 l\u2019\u00e9lection pr\u00e9sidentielle de 2020 au Burkina Faso. Il a, en effet, lev\u00e9 le voile sur sa candidature au prochain scrutin pr\u00e9sidentiel, le samedi 16 f\u00e9vrier 2019 \u00e0 la Maison de la culture Mgr Anselme- Titianma-Sanon de Bobo-Dioulasso. C\u2019\u00e9tait au cours de l\u2019assembl\u00e9e g\u00e9n\u00e9rale du groupe d\u2019initiative \u00abKDO 2020\u00bb et du mouvement \u00abKDO 2020\u00bb.<\/p>\n<p>Cette assembl\u00e9e g\u00e9n\u00e9rale a connu la participation de certains cadres de l\u2019ex- parti au pouvoir, le Congr\u00e8s pour la d\u00e9mocratie et le progr\u00e8s (CDP) notamment L\u00e9once Kon\u00e9, Boureima Badini, Salia Sanou. Depuis plusieurs mois, des mouvements de soutien au futur candidat l\u2019invitaient \u00e0 se pr\u00e9senter \u00e0 l\u2019\u00e9lection pr\u00e9sidentielle. Face aux appels de sympathisants, M. Ou\u00e9draogo a finalement dit \u00aboui\u00bb. Car, d\u2019apr\u00e8s lui, ses messages traduisent le d\u00e9sir de changement. \u00abJe suis pr\u00eat \u00e0 \u00eatre leur porte \u00e9tendard. Je suis pr\u00eat le moment venu, \u00e0 \u00eatre leur candidat \u00e0 l\u2019\u00e9lection pr\u00e9sidentielle de 2020. La raison de mon engagement, c\u2019est mon profond amour et respect pour mon pays\u00bb, a d\u00e9clar\u00e9 le d\u00e9sormais candidat annonc\u00e9. Il a exhort\u00e9 ses sympathisants \u00e0 se regrouper pour porter le combat. \u00abCe n\u2019est pas une entreprise \u00e9go\u00efste, mais c\u2019est un appel \u00e0 agir pour le bien commun et l\u2019int\u00e9r\u00eat sup\u00e9rieur de la nation\u00bb, a-t-il poursuivi.<\/p>\n<p>A la question de savoir si son annonce ne fragilise pas le CDP, l\u2019ancien Premier ministre a indiqu\u00e9 que sa candidature ne s\u2019inscrit pas dans le cadre partisan. \u00abL\u2019\u00e9lection pr\u00e9sidentielle est un engagement et un contrat entre un homme et son peuple. Je privil\u00e9gie les id\u00e9es plut\u00f4t que les jeux d\u2019appareils qui sont normaux dans tout parti politique\u00bb, a-t-il r\u00e9pondu. M\u00eame son de cloche pour Boureima Badini, un cadre de l\u2019ex-parti au pouvoir qui trouve que le d\u00e9bat \u00e0 l\u2019interne est normal. \u00abNous sommes en politique et chacun essaie de lib\u00e9rer ses opinions. Le peuple jugera \u00e0 son temps\u00bb, a soutenu M. Badini. Selon lui, Kadr\u00e9 D\u00e9sir\u00e9 Ou\u00e9draogo a toutes les valeurs possibles pour g\u00e9rer le Burkina Faso. Pour sa part Yahya Diallo, membre du groupe \u00abinitiative KDO 2020\u00bb, soutient qu\u2019il n\u2019y a pas meilleur choix que celui de l\u2019ancien pr\u00e9sident de la commission de la CEDEAO.<\/p>\n<p>Boudayinga J-M THIENON<\/p>\n<div class=\"td-a-rec td-a-rec-id-content_bottom td_uid_21_5c69e3bb3fb5e_rand td_block_template_1\"><img loading=\"lazy\" decoding=\"async\" class=\"alignright size-full wp-image-1724\" src=\"https:\/\/www.sidwaya.info\/wp-content\/uploads\/2018\/12\/sidwaya-pub.jpg\" alt=\"\" width=\"720\" height=\"90\"\/><\/div>\n<p>Auteur: BM. Sidwaya<br \/>\n<a href=\"https:\/\/www.sidwaya.info\/blog\/2019\/02\/17\/election-presidentielle-de-2020-kadre-desire-ouedraogo-dans-les-starting-blocks\/\">Cliquez ici pour lire l&rsquo;article depuis sa source.<\/a><\/p>\n","protected":false},"excerpt":{"rendered":"<p>Occuper le palais de Kosyam est d\u00e9sormais l\u2019objectif principal de Kadr\u00e9 D\u00e9sir\u00e9 Ou\u00e9draogo, futur candidat en 2020. L\u2019assembl\u00e9e g\u00e9n\u00e9rale du groupe d\u2019initiative \u00ab\u00a0KDO 2020\u00a0\u00bb et du mouvement \u00ab\u00a0KDO 2020\u00a0\u00bb s\u2019est tenue, le samedi 16 f\u00e9vrier 2019 \u00e0 Bobo-Dioulasso. Au cours de la c\u00e9r\u00e9monie, l\u2019ancien Premier ministre a annonc\u00e9 sa candidature pour l\u2019\u00e9lection pr\u00e9sidentielle de 2020. [&hellip;]<\/p>\n","protected":false},"author":1816,"featured_media":0,"comment_status":"closed","ping_status":"closed","sticky":false,"template":"","format":"standard","meta":{"fifu_image_url":"","fifu_image_alt":"","footnotes":""},"categories":[73,81],"tags":[],"class_list":["post-15010","post","type-post","status-publish","format-standard","hentry","category-actualite","category-burkina-faso"],"_links":{"self":[{"href":"https:\/\/linitiative.ca\/International\/wp-json\/wp\/v2\/posts\/15010","targetHints":{"allow":["GET"]}}],"collection":[{"href":"https:\/\/linitiative.ca\/International\/wp-json\/wp\/v2\/posts"}],"about":[{"href":"https:\/\/linitiative.ca\/International\/wp-json\/wp\/v2\/types\/post"}],"author":[{"embeddable":true,"href":"https:\/\/linitiative.ca\/International\/wp-json\/wp\/v2\/users\/1816"}],"replies":[{"embeddable":true,"href":"https:\/\/linitiative.ca\/International\/wp-json\/wp\/v2\/comments?post=15010"}],"version-history":[{"count":0,"href":"https:\/\/linitiative.ca\/International\/wp-json\/wp\/v2\/posts\/15010\/revisions"}],"wp:attachment":[{"href":"https:\/\/linitiative.ca\/International\/wp-json\/wp\/v2\/media?parent=15010"}],"wp:term":[{"taxonomy":"category","embeddable":true,"href":"https:\/\/linitiative.ca\/International\/wp-json\/wp\/v2\/categories?post=15010"},{"taxonomy":"post_tag","embeddable":true,"href":"https:\/\/linitiative.ca\/International\/wp-json\/wp\/v2\/tags?post=15010"}],"curies":[{"name":"wp","href":"https:\/\/api.w.org\/{rel}","templated":true}]}}