{"id":150101,"date":"2022-06-13T08:17:05","date_gmt":"2022-06-13T12:17:05","guid":{"rendered":"https:\/\/linitiative.ca\/International\/distribution-le-centre-commercial-chinois-de-douala-bientot-demantele\/"},"modified":"2022-06-13T08:17:05","modified_gmt":"2022-06-13T12:17:05","slug":"distribution-le-centre-commercial-chinois-de-douala-bientot-demantele","status":"publish","type":"post","link":"https:\/\/linitiative.ca\/International\/distribution-le-centre-commercial-chinois-de-douala-bientot-demantele\/","title":{"rendered":"Distribution: le Centre commercial Chinois de Douala bient\u00f4t d\u00e9mantel\u00e9"},"content":{"rendered":"<div>\n<p>L\u2019Avenue Ahmadou Ahidjo qui m\u00e8ne du lieu-dit \u00abDouche municipale\u00bb d\u2019Akwa \u00e0 celui appel\u00e9 \u00abAncien Soudanaise\u00bb est devenu au fil des ann\u00e9es, un vaste centre commercial de v\u00eatements et chaussures, et autres produits, g\u00e9n\u00e9ralement en provenance de Chine. L\u2019ampleur du ph\u00e9nom\u00e8ne a quasiment provoqu\u00e9 le bapt\u00eame de cette avenue de la capitale \u00e9conomique, devenue abusivement \u00abAvenue Chinoise\u00bb ou \u00abCentre commercial chinois\u00bb, caract\u00e9ris\u00e9e par une forte pr\u00e9sence d\u2019importateurs, grossistes et d\u00e9taillants chinois, mais surtout de revendeurs camerounais.<\/p>\n<p><strong>Lire aussi : <a href=\"https:\/\/ecomatin.net\/gracedom-invest-decroche-la-licence-de-distribution-de-coca-cola-au-cameroun\/\">Gracedom Invest d\u00e9croche la licence de distribution de Coca Cola au Cameroun<\/a><\/strong><\/p>\n<p>Cette confusion originelle s\u2019accompagne malheureusement d\u2019un d\u00e9sordre urbain exceptionnel dans la ville de Douala. L\u2019espace est depuis belle lurette, le lieu par excellence de l\u2019occupation anarchique de la voie publique, d\u2019insalubrit\u00e9, ou d\u2019ins\u00e9curit\u00e9. Ce, malgr\u00e9 les op\u00e9rations de sensibilisation et les injonctions du Maire de la ville, le Dr. Roger Mbassa Ndine aupr\u00e8s de ces commer\u00e7ants qui occupent ill\u00e9galement la chauss\u00e9e et le trottoir. Les grossistes chinois et leurs revendeurs locaux font en effet fi, sous les yeux des Polices nationale et municipale, de l\u2019ordre urbain \u00e9tabli.<\/p>\n<p><strong>Lire aussi : <a href=\"https:\/\/ecomatin.net\/distribution-de-gpl-la-snh-a-approvisionne-le-marche-local-a-hauteur-de-21-en-2021\/\">Distribution de GPL: la SNH a approvisionn\u00e9 le march\u00e9 local \u00e0 hauteur de 21% en 2021<\/a><\/strong><\/p>\n<p>Apr\u00e8s plusieurs descentes effectu\u00e9es, le Pr\u00e9fet du Wouri et la Communaut\u00e9 urbaine de Douala (CUD) ont d\u00e9cid\u00e9 d\u2019en d\u00e9coudre. Insatisfaits des r\u00e9sultats de la sensibilisation men\u00e9e, ainsi que de l\u2019inefficacit\u00e9 des op\u00e9rations de saisies ponctuelles de marchandises, elles optent d\u00e9sormais pour une d\u00e9localisation de ce march\u00e9 \u00e0 ciel ouvert. D\u2019Akwa, dans l\u2019Arrondissement de Douala 1er, les commer\u00e7ants du \u00abCentre commercial chinois\u00bb, seront recas\u00e9s dans l\u2019Arrondissement de Douala 2, pr\u00e9cis\u00e9ment au lieu-dit \u00abCamp TSF\u00bb. Initialement envisag\u00e9e avant le d\u00e9but des vacances, la mesure a \u00e9t\u00e9 r\u00e9am\u00e9nag\u00e9e par les autorit\u00e9s de la ville de Douala. Un moratoire de trois a finalement \u00e9t\u00e9 accord\u00e9 aux occupants des lieux, estim\u00e9s \u00e0 environ 600 commer\u00e7ants. Elle s\u2019\u00e9tend de fin mai 2022 \u00e0 fin septembre 2022.\u00a0<\/p>\n<p><strong>Lire aussi : <a href=\"https:\/\/ecomatin.net\/grande-distribution-un-an-apres-son-ouverture-le-douala-grand-mall-affiche-un-taux-doccupation-de-63\/\">Grande distribution : un an apr\u00e8s son ouverture, le Douala Grand Mall affiche un taux d\u2019occupation de 63 %<\/a><\/strong><\/p>\n<p>La raison principale de cette prorogation est, d\u2019apr\u00e8s Arlette Alemoka, sous-Directeur du contr\u00f4le de la circulation, de l\u2019occupation de la voie et des espaces publics \u00e0 la Communaut\u00e9 urbaine de Douala, \u00abde permettre aux importateurs chinois et aux commer\u00e7ants camerounais de mieux exploiter la p\u00e9riode des vacances et de la rentr\u00e9e scolaire 2022\/2023\u00bb, p\u00e9riode d\u2019intenses activit\u00e9s commerciales.\u00a0<\/p>\n<p>L\u2019article <a rel=\"nofollow\" href=\"https:\/\/ecomatin.net\/distribution-le-centre-commercial-chinois-de-douala-bientot-demantele4\/\">Distribution: le Centre commercial Chinois de Douala bient\u00f4t d\u00e9mantel\u00e9<\/a> est apparu en premier sur <a rel=\"nofollow\" href=\"https:\/\/ecomatin.net\/\">EcoMatin<\/a>.<\/p>\n<\/div>\n<p>Auteur: Georges Semey<br \/>\n<a href=\"https:\/\/ecomatin.net\/distribution-le-centre-commercial-chinois-de-douala-bientot-demantele4\/\">Cliquez ici pour lire l&rsquo;article depuis sa source.<\/a><\/p>\n","protected":false},"excerpt":{"rendered":"<p>L\u2019Avenue Ahmadou Ahidjo qui m\u00e8ne du lieu-dit \u00abDouche municipale\u00bb d\u2019Akwa \u00e0 celui appel\u00e9 \u00abAncien Soudanaise\u00bb est devenu au fil des ann\u00e9es, un vaste centre commercial de v\u00eatements et chaussures, et autres produits, g\u00e9n\u00e9ralement en provenance de Chine. L\u2019ampleur du ph\u00e9nom\u00e8ne a quasiment provoqu\u00e9 le bapt\u00eame de cette avenue de la capitale \u00e9conomique, devenue abusivement \u00abAvenue [&hellip;]<\/p>\n","protected":false},"author":1969,"featured_media":0,"comment_status":"closed","ping_status":"closed","sticky":false,"template":"","format":"standard","meta":{"fifu_image_url":"","fifu_image_alt":"","footnotes":""},"categories":[82,78],"tags":[],"class_list":["post-150101","post","type-post","status-publish","format-standard","hentry","category-cameroun","category-economie"],"_links":{"self":[{"href":"https:\/\/linitiative.ca\/International\/wp-json\/wp\/v2\/posts\/150101","targetHints":{"allow":["GET"]}}],"collection":[{"href":"https:\/\/linitiative.ca\/International\/wp-json\/wp\/v2\/posts"}],"about":[{"href":"https:\/\/linitiative.ca\/International\/wp-json\/wp\/v2\/types\/post"}],"author":[{"embeddable":true,"href":"https:\/\/linitiative.ca\/International\/wp-json\/wp\/v2\/users\/1969"}],"replies":[{"embeddable":true,"href":"https:\/\/linitiative.ca\/International\/wp-json\/wp\/v2\/comments?post=150101"}],"version-history":[{"count":0,"href":"https:\/\/linitiative.ca\/International\/wp-json\/wp\/v2\/posts\/150101\/revisions"}],"wp:attachment":[{"href":"https:\/\/linitiative.ca\/International\/wp-json\/wp\/v2\/media?parent=150101"}],"wp:term":[{"taxonomy":"category","embeddable":true,"href":"https:\/\/linitiative.ca\/International\/wp-json\/wp\/v2\/categories?post=150101"},{"taxonomy":"post_tag","embeddable":true,"href":"https:\/\/linitiative.ca\/International\/wp-json\/wp\/v2\/tags?post=150101"}],"curies":[{"name":"wp","href":"https:\/\/api.w.org\/{rel}","templated":true}]}}