{"id":150104,"date":"2022-06-14T08:00:43","date_gmt":"2022-06-14T12:00:43","guid":{"rendered":"https:\/\/linitiative.ca\/International\/capital-humain-bmci-lance-son-academie-dentreprise\/"},"modified":"2022-06-14T08:00:43","modified_gmt":"2022-06-14T12:00:43","slug":"capital-humain-bmci-lance-son-academie-dentreprise","status":"publish","type":"post","link":"https:\/\/linitiative.ca\/International\/capital-humain-bmci-lance-son-academie-dentreprise\/","title":{"rendered":"Capital humain : BMCI lance son acad\u00e9mie d\u2019entreprise"},"content":{"rendered":"<div>\n<p><img decoding=\"async\" width=\"300\" height=\"153\" src=\"https:\/\/linitiative.ca\/International\/wp-content\/uploads\/sites\/23\/2022\/06\/BMCI-300x153-1.jpg\" class=\"attachment-medium size-medium wp-post-image\" alt=\"\" loading=\"lazy\" srcset=\"https:\/\/linitiative.ca\/International\/wp-content\/uploads\/sites\/23\/2022\/06\/BMCI-300x153-1.jpg 300w, https:\/\/aujourdhui.ma\/wp-content\/uploads\/2020\/12\/BMCI-274x140.jpg 274w, https:\/\/aujourdhui.ma\/wp-content\/uploads\/2020\/12\/BMCI.jpg 746w, https:\/\/aujourdhui.ma\/wp-content\/uploads\/2020\/12\/BMCI-165x84.jpg 165w, https:\/\/aujourdhui.ma\/wp-content\/uploads\/2020\/12\/BMCI-702x358.jpg 702w\" sizes=\"auto, (max-width: 300px) 100vw, 300px\"><\/p>\n<p><span style=\"font-size: 20px; color: #800000;\"><strong>La filiale de BNP Paribas souhaite accompagner son d\u00e9veloppement par un investissement strat\u00e9gique dans le d\u00e9veloppement des comp\u00e9tences de son principal atout, \u00e0 savoir le capital humain.<\/strong><\/span><span id=\"more-410552\"><\/span><\/p>\n<p>Pla\u00e7ant comme priorit\u00e9 la formation de ses collaborateurs, la filiale de BNP Paribas inaugure son premier centre acad\u00e9mique baptis\u00e9 BMCI Academy. Cette nouvelle structure de d\u00e9veloppement des comp\u00e9tences instaur\u00e9e au sein de la banque et d\u00e9di\u00e9e \u00e0 ses collaborateurs devra devenir un instrument strat\u00e9gique. Sa vocation principale \u00e9tant de permettre \u00e0 la banque d\u2019atteindre ses objectifs \u00e0 travers des actions qui favorisent l\u2019apprentissage individuel et organisationnel. Le partage de connaissances entre les collaborateurs a, \u00e9galement, \u00e9t\u00e9 retenu comme axe prioritaire lors de la conception du projet.<br \/>\nA travers cette structure de formation, le top management de la banque compte initier une nouvelle exp\u00e9rience d\u2019apprentissage, pilier de la transformation. Concr\u00e8tement, les formations seront multidisciplinaires et \u00e9pouseront des approches modernes.<\/p>\n<p>En clair, BMCI Academy devra contribuer \u00e0 la cr\u00e9ation de valeur immat\u00e9rielle de la marque employeur, en cr\u00e9ant les conditions ad\u00e9quates pour valoriser les comp\u00e9tences des collaborateurs. D\u00e9velopper leur employabilit\u00e9 et en accompagner leur d\u00e9veloppement de carri\u00e8re mais aussi personnel, tels sont les principaux enjeux. Ils ont \u00e9t\u00e9 r\u00e9sum\u00e9s en quatre. D\u00e9j\u00e0, \u00e0 travers cette logique, il s\u2019agira de centraliser, de structurer et de construire une offre multidisciplinaire adapt\u00e9e aux diff\u00e9rentes cibles internes en termes de formations techniques et de formations en d\u00e9veloppement personnel.<\/p>\n<p>Le second enjeu sera de proposer un programme Design, offfrant une vari\u00e9t\u00e9 de formats de d\u00e9ploiement de contenus adapt\u00e9s aux diff\u00e9rents besoins d\u2019apprentissage (formations pr\u00e9sentielles, E-learning, Blended Learning, Moocs, webinaires, Peer to Peer, cr\u00e9ation, etc.). Le troisi\u00e8me enjeu est li\u00e9 \u00e0 la coh\u00e9rence des contenus par rapport aux besoins actuels et futurs, construits sur la base de mod\u00e8les de comp\u00e9tences, de leadership et des \u00abassessment centers\u00bb sp\u00e9cifiques. Les responsables du projet devront y veiller. Enfin, il s\u2019agira d\u2019identifier des outils et un \u00e9cosyst\u00e8me de partenaires pour assurer le meilleur standard de qualit\u00e9 d\u2019apprentissage et de suivi. L\u2019initiative est louable car elle est l\u00e0 pour valoriser le capital humain. Les mesures de l\u2019impact devront permettre de suivre aussi l\u2019\u00e9volution et \u00e9tablir des corr\u00e9lations entre les mobilit\u00e9s probables et les r\u00e9sultats de la banque. La qu\u00eate de la performance \u00e9tant le premier indicateur de r\u00e9ussite.<\/p>\n<\/div>\n<p>Auteur: Dounia Essabban<br \/>\n<a href=\"https:\/\/aujourdhui.ma\/economie\/capital-humain-bmci-lance-son-academie-dentreprise\">Cliquez ici pour lire l&rsquo;article depuis sa source.<\/a><\/p>\n","protected":false},"excerpt":{"rendered":"<p>La filiale de BNP Paribas souhaite accompagner son d\u00e9veloppement par un investissement strat\u00e9gique dans le d\u00e9veloppement des comp\u00e9tences de son principal atout, \u00e0 savoir le capital humain. Pla\u00e7ant comme priorit\u00e9 la formation de ses collaborateurs, la filiale de BNP Paribas inaugure son premier centre acad\u00e9mique baptis\u00e9 BMCI Academy. Cette nouvelle structure de d\u00e9veloppement des comp\u00e9tences [&hellip;]<\/p>\n","protected":false},"author":1759,"featured_media":0,"comment_status":"closed","ping_status":"closed","sticky":false,"template":"","format":"standard","meta":{"fifu_image_url":"https:\/\/aujourdhui.ma\/wp-content\/uploads\/2020\/12\/BMCI-300x153.jpg","fifu_image_alt":"Capital humain : BMCI lance son acad\u00e9mie d\u2019entreprise","footnotes":""},"categories":[73,54],"tags":[],"class_list":["post-150104","post","type-post","status-publish","format-standard","hentry","category-actualite","category-maroc"],"_links":{"self":[{"href":"https:\/\/linitiative.ca\/International\/wp-json\/wp\/v2\/posts\/150104","targetHints":{"allow":["GET"]}}],"collection":[{"href":"https:\/\/linitiative.ca\/International\/wp-json\/wp\/v2\/posts"}],"about":[{"href":"https:\/\/linitiative.ca\/International\/wp-json\/wp\/v2\/types\/post"}],"author":[{"embeddable":true,"href":"https:\/\/linitiative.ca\/International\/wp-json\/wp\/v2\/users\/1759"}],"replies":[{"embeddable":true,"href":"https:\/\/linitiative.ca\/International\/wp-json\/wp\/v2\/comments?post=150104"}],"version-history":[{"count":0,"href":"https:\/\/linitiative.ca\/International\/wp-json\/wp\/v2\/posts\/150104\/revisions"}],"wp:attachment":[{"href":"https:\/\/linitiative.ca\/International\/wp-json\/wp\/v2\/media?parent=150104"}],"wp:term":[{"taxonomy":"category","embeddable":true,"href":"https:\/\/linitiative.ca\/International\/wp-json\/wp\/v2\/categories?post=150104"},{"taxonomy":"post_tag","embeddable":true,"href":"https:\/\/linitiative.ca\/International\/wp-json\/wp\/v2\/tags?post=150104"}],"curies":[{"name":"wp","href":"https:\/\/api.w.org\/{rel}","templated":true}]}}