{"id":15011,"date":"2019-02-17T16:58:47","date_gmt":"2019-02-17T21:58:47","guid":{"rendered":"https:\/\/linitiative.ca\/International\/journees-promotionnelles-des-tubercules-de-la-sissili\/"},"modified":"2019-02-17T16:58:47","modified_gmt":"2019-02-17T21:58:47","slug":"journees-promotionnelles-des-tubercules-de-la-sissili","status":"publish","type":"post","link":"https:\/\/linitiative.ca\/International\/journees-promotionnelles-des-tubercules-de-la-sissili\/","title":{"rendered":"Journ\u00e9es promotionnelles des tubercules de la Sissili"},"content":{"rendered":"<div class=\"td-post-featured-image\"><a href=\"https:\/\/i2.wp.com\/www.sidwaya.info\/wp-content\/uploads\/2019\/02\/ministrea.jpg?fit=787%2C787&#038;ssl=1\" data-caption=\"\"><img loading=\"lazy\" decoding=\"async\" width=\"696\" height=\"696\" class=\"entry-thumb td-modal-image\" src=\"https:\/\/i2.wp.com\/www.sidwaya.info\/wp-content\/uploads\/2019\/02\/ministrea.jpg?resize=696%2C696&#038;ssl=1\" srcset=\"https:\/\/i2.wp.com\/www.sidwaya.info\/wp-content\/uploads\/2019\/02\/ministrea.jpg?w=787&#038;ssl=1 787w, https:\/\/i2.wp.com\/www.sidwaya.info\/wp-content\/uploads\/2019\/02\/ministrea.jpg?resize=150%2C150&#038;ssl=1 150w, https:\/\/i2.wp.com\/www.sidwaya.info\/wp-content\/uploads\/2019\/02\/ministrea.jpg?resize=300%2C300&#038;ssl=1 300w, https:\/\/i2.wp.com\/www.sidwaya.info\/wp-content\/uploads\/2019\/02\/ministrea.jpg?resize=768%2C768&#038;ssl=1 768w, https:\/\/i2.wp.com\/www.sidwaya.info\/wp-content\/uploads\/2019\/02\/ministrea.jpg?resize=696%2C696&#038;ssl=1 696w, https:\/\/i2.wp.com\/www.sidwaya.info\/wp-content\/uploads\/2019\/02\/ministrea.jpg?resize=420%2C420&#038;ssl=1 420w, https:\/\/i2.wp.com\/www.sidwaya.info\/wp-content\/uploads\/2019\/02\/ministrea.jpg?resize=45%2C45&#038;ssl=1 45w\" sizes=\"auto, (max-width: 696px) 100vw, 696px\" alt=\"\" title=\"ministrea\"\/><\/a><\/div>\n<p><strong>Le ministre de l\u2019Agriculture et des Am\u00e9nagements hydroagricoles, Salifou Ou\u00e9draogo, a pr\u00e9sid\u00e9 la c\u00e9r\u00e9monie d\u2019ouverture de la 25e \u00e9dition des Journ\u00e9es promotionnelles des tubercules de la Sissili, le jeudi 14 f\u00e9vrier 2019 \u00e0 L\u00e9o. Des expositions, l\u2019inauguration de la boutique commerciale de l\u2019igname et des r\u00e9flexions th\u00e9matiques ont rythm\u00e9 ce jubil\u00e9 d\u2019argent.<\/strong><\/p>\n<p>La 25e \u00e9dition des Journ\u00e9es promotionnelles des tubercules de la Sissili s\u2019est tenue du 14 au 16 f\u00e9vrier 2019 \u00e0 L\u00e9o, sous le th\u00e8me\u00a0: \u00abQuelles strat\u00e9gies pour la promotion durable des cha\u00eenes de valeur tubercules dans la Sissili\u00a0?\u00bb. Pour le ministre de l\u2019Agriculture et des Am\u00e9nagements hydroagricoles, Salifou Ou\u00e9draogo, ce th\u00e8me interroge sur le r\u00f4le des acteurs directs, la durabilit\u00e9 de la production, la conservation, la transformation et l\u2019acc\u00e8s \u00e0 un march\u00e9 stable et r\u00e9mun\u00e9rateur, le financement des activit\u00e9s et les innovations possibles. Il a appel\u00e9 l\u2019ensemble des parties prenantes \u00e0 participer activement aux r\u00e9flexions et aux d\u00e9bats lors du forum sur le th\u00e8me afin de d\u00e9gager, de mani\u00e8re consensuelle, les meilleures strat\u00e9gies pour r\u00e9pondre efficacement aux d\u00e9fis actuels des tubercules dans cette province et au Burkina Faso.<br \/>Le ministre Salifou Ou\u00e9draogo a soulign\u00e9 la place des plantes \u00e0 racines et \u00e0 tubercules (la patate douce, le manioc et l\u2019igname) dans le syst\u00e8me agricole et alimentaire de notre pays. Il a relev\u00e9 les performances de la Sissili o\u00f9 la production des trois sp\u00e9culations est pass\u00e9e de 26\u00a0400 tonnes en 2016 \u00e0 environ 40\u00a0000 tonnes en 2018, soit 25\u00a0850 tonnes de patate, 8\u00a0900 tonnes d\u2019igname et 5\u00a0600 tonnes de manioc. Mieux, cette province occupe successivement les premi\u00e8re et deuxi\u00e8me positions en mati\u00e8re de production de patate et d\u2019igname sur le plan national.<br \/>La porte-parole de la coop\u00e9rative NELVY, Adjaratou Salia, a d\u2019ailleurs indiqu\u00e9 que la production des tubercules constitue une tradition dans la province de la Sissili. Et de voir en ces journ\u00e9es promotionnelles \u00abdes opportunit\u00e9s d\u2019affaires et d\u2019expression culturelle\u00bb. Pour Mme Salia, cette \u00abvitrine\u00bb laisse subsister des difficult\u00e9s en mati\u00e8re de transformation et de commercialisation des tubercules. \u00abSans de meilleures strat\u00e9gies, l\u2019\u00e9mergence de la fili\u00e8re restera un r\u00eave\u00bb, a-t-elle martel\u00e9. Invitant toutes les parties prenantes \u00e0 s\u2019impliquer dans la promotion des chaines de valeur, elle a exprim\u00e9 au ministre Salifou Ou\u00e9draogo des dol\u00e9ances relatives \u00e0 la formation des acteurs, \u00e0 la mise \u00e0 disposition d\u2019\u00e9quipements et \u00e0 l\u2019organisation de la fili\u00e8re.<br \/>Comme pour t\u00e9moigner sa disponibilit\u00e9 et l\u2019engagement de ses services techniques \u00e0 accompagner les acteurs de la fili\u00e8re, le ministre Ou\u00e9draogo a remis aux producteurs des \u00e9quipements agricoles d\u2019une valeur de pr\u00e8s de six millions (6\u00a0000\u00a0000) F CFA.<br \/>Puis, il a inaugur\u00e9 la boutique commerciale d\u2019igname de L\u00e9o d\u2019un co\u00fbt de plus de cinquante-huit millions (58\u00a0000\u00a0000) F CFA, construite par le Projet 1 du Programme de renforcement de la r\u00e9silience \u00e0 l\u2019ins\u00e9curit\u00e9 alimentaire et nutritionnelle au Sahel (P1-P2RS). Compos\u00e9 d\u2019un salon, d\u2019un magasin de stockage, de trois bureaux, d\u2019une salle de r\u00e9union et d\u2019une salle de vente et d\u2019exposition, le joyau s\u2019inscrit dans la logique de promotion des fili\u00e8res et de commercialisation des produits agricoles. Deux infrastructures similaires, notamment \u00e0 L\u00e9o pour le fonio et \u00e0 Nouna pour le s\u00e9same, compl\u00e8tent ce pan de la vision du P1-P2RS.<br \/>En marge des Journ\u00e9es promotionnelles des tubercules au cours desquelles il a visit\u00e9 plusieurs stands d\u2019exposition, le ministre Salifou Ou\u00e9draogo s\u2019est rendu dans une exploitation agricole au secteur n\u00b04 de L\u00e9o. Sur un domaine agricole d\u2019un (01) hectare, Ibrahim Compaor\u00e9 d\u00e9ploie un syst\u00e8me d\u2019irrigation par aspersion lui permettant de produire de fa\u00e7on intensive, sans discontinuer, des c\u00e9r\u00e9ales, des cultures maraich\u00e8res et du poisson. A l\u2019issue du cycle de production en cours, les cultures mara\u00eech\u00e8res compos\u00e9es d\u2019aubergines, de carottes, de concombres, entre autres, rapporteront huit millions cinq cent mille (8\u00a0500\u00a0000) F CFA au producteur Compaor\u00e9. Il a sollicit\u00e9 l\u2019aide au patron de l\u2019agriculture burkinab\u00e8 pour l\u2019extension de son exp\u00e9rience. Salifou Ou\u00e9draogo a salu\u00e9 un mod\u00e8le identique au prototype de l\u2019exploitant familial plac\u00e9 au c\u0153ur de sa strat\u00e9gie de d\u00e9veloppement agricole.<\/p>\n<p>Roger SANKARA<br \/>DCPM\/MAAH<\/p>\n<div class=\"td-a-rec td-a-rec-id-content_bottom td_uid_21_5c69e3bda9dc3_rand td_block_template_1\"><img loading=\"lazy\" decoding=\"async\" class=\"alignright size-full wp-image-1724\" src=\"https:\/\/www.sidwaya.info\/wp-content\/uploads\/2018\/12\/sidwaya-pub.jpg\" alt=\"\" width=\"720\" height=\"90\"\/><\/div>\n<p>Auteur: BM. Sidwaya<br \/>\n<a href=\"https:\/\/www.sidwaya.info\/blog\/2019\/02\/17\/journees-promotionnelles-des-tubercules-de-la-sissili\/\">Cliquez ici pour lire l&rsquo;article depuis sa source.<\/a><\/p>\n","protected":false},"excerpt":{"rendered":"<p>Le ministre de l\u2019Agriculture et des Am\u00e9nagements hydroagricoles, Salifou Ou\u00e9draogo, a pr\u00e9sid\u00e9 la c\u00e9r\u00e9monie d\u2019ouverture de la 25e \u00e9dition des Journ\u00e9es promotionnelles des tubercules de la Sissili, le jeudi 14 f\u00e9vrier 2019 \u00e0 L\u00e9o. Des expositions, l\u2019inauguration de la boutique commerciale de l\u2019igname et des r\u00e9flexions th\u00e9matiques ont rythm\u00e9 ce jubil\u00e9 d\u2019argent. La 25e \u00e9dition [&hellip;]<\/p>\n","protected":false},"author":1816,"featured_media":0,"comment_status":"closed","ping_status":"closed","sticky":false,"template":"","format":"standard","meta":{"fifu_image_url":"","fifu_image_alt":"","footnotes":""},"categories":[73,81],"tags":[],"class_list":["post-15011","post","type-post","status-publish","format-standard","hentry","category-actualite","category-burkina-faso"],"_links":{"self":[{"href":"https:\/\/linitiative.ca\/International\/wp-json\/wp\/v2\/posts\/15011","targetHints":{"allow":["GET"]}}],"collection":[{"href":"https:\/\/linitiative.ca\/International\/wp-json\/wp\/v2\/posts"}],"about":[{"href":"https:\/\/linitiative.ca\/International\/wp-json\/wp\/v2\/types\/post"}],"author":[{"embeddable":true,"href":"https:\/\/linitiative.ca\/International\/wp-json\/wp\/v2\/users\/1816"}],"replies":[{"embeddable":true,"href":"https:\/\/linitiative.ca\/International\/wp-json\/wp\/v2\/comments?post=15011"}],"version-history":[{"count":0,"href":"https:\/\/linitiative.ca\/International\/wp-json\/wp\/v2\/posts\/15011\/revisions"}],"wp:attachment":[{"href":"https:\/\/linitiative.ca\/International\/wp-json\/wp\/v2\/media?parent=15011"}],"wp:term":[{"taxonomy":"category","embeddable":true,"href":"https:\/\/linitiative.ca\/International\/wp-json\/wp\/v2\/categories?post=15011"},{"taxonomy":"post_tag","embeddable":true,"href":"https:\/\/linitiative.ca\/International\/wp-json\/wp\/v2\/tags?post=15011"}],"curies":[{"name":"wp","href":"https:\/\/api.w.org\/{rel}","templated":true}]}}