{"id":150117,"date":"2022-06-14T11:44:13","date_gmt":"2022-06-14T15:44:13","guid":{"rendered":"https:\/\/linitiative.ca\/International\/video-ouverture-a-casablanca-de-la-9eme-edition-salon-logismed-comme-si-vous-y-etiez\/"},"modified":"2022-06-14T11:44:13","modified_gmt":"2022-06-14T15:44:13","slug":"video-ouverture-a-casablanca-de-la-9eme-edition-salon-logismed-comme-si-vous-y-etiez","status":"publish","type":"post","link":"https:\/\/linitiative.ca\/International\/video-ouverture-a-casablanca-de-la-9eme-edition-salon-logismed-comme-si-vous-y-etiez\/","title":{"rendered":"Vid\u00e9o- \u00a0Ouverture \u00e0 Casablanca de la 9\u00e8me \u00e9dition: Salon Logismed, comme si vous y \u00e9tiez!"},"content":{"rendered":"<div>\n<p><img decoding=\"async\" width=\"300\" height=\"153\" src=\"https:\/\/linitiative.ca\/International\/wp-content\/uploads\/sites\/23\/2022\/06\/Video-Ouverture-a-Casablanca-de-la-9eme-edition-Salon-Logismed-comme-si-vous-y-etiez-300x153-1.png\" class=\"attachment-medium size-medium wp-post-image\" alt=\"\" loading=\"lazy\" srcset=\"https:\/\/linitiative.ca\/International\/wp-content\/uploads\/sites\/23\/2022\/06\/Video-Ouverture-a-Casablanca-de-la-9eme-edition-Salon-Logismed-comme-si-vous-y-etiez-300x153-1.png 300w, https:\/\/aujourdhui.ma\/wp-content\/uploads\/2022\/06\/Video-Ouverture-a-Casablanca-de-la-9eme-edition-Salon-Logismed-comme-si-vous-y-etiez-274x140.png 274w, https:\/\/aujourdhui.ma\/wp-content\/uploads\/2022\/06\/Video-Ouverture-a-Casablanca-de-la-9eme-edition-Salon-Logismed-comme-si-vous-y-etiez.png 746w, https:\/\/aujourdhui.ma\/wp-content\/uploads\/2022\/06\/Video-Ouverture-a-Casablanca-de-la-9eme-edition-Salon-Logismed-comme-si-vous-y-etiez-165x84.png 165w, https:\/\/aujourdhui.ma\/wp-content\/uploads\/2022\/06\/Video-Ouverture-a-Casablanca-de-la-9eme-edition-Salon-Logismed-comme-si-vous-y-etiez-702x358.png 702w\" sizes=\"auto, (max-width: 300px) 100vw, 300px\"><\/p>\n<p><strong>La 9\u00e8me \u00e9dition du Salon International du Transport et de la Logistique pour l\u2019Afrique et la M\u00e9diterran\u00e9e (Logismed) s\u2019est ouverte, mardi \u00e0 Casablanca, sous la pr\u00e9sidence du ministre du Transport et de la Logistique, Mohamed Abdeljalil.<\/strong><span id=\"more-410604\"><\/span><\/p>\n<p>Plac\u00e9 sous le th\u00e8me \u00ab\u00a0la digitalisation, une simple \u00e9volution ou une n\u00e9cessaire r\u00e9volution dans un monde VUCA\u00a0\u00bb, Logismed 2022 traitera, du 14 au 16 juin, de la digitalisation de la supply chain, une th\u00e9matique r\u00e9v\u00e9latrice des grandes tendances du march\u00e9 qui sera soutenue par un programme de conf\u00e9rences de haut niveau.<\/p>\n<p>Rendez-vous des acteurs et professionnels du domaine de la logistique et carrefour d\u2019\u00e9changes d\u2019id\u00e9es et d\u2019exp\u00e9riences, cette \u00e9dition est orient\u00e9e en pr\u00e9sentiel pour favoriser la rencontre humaine et, de ce fait, sera celle des grandes retrouvailles de la fili\u00e8re logistique.<\/p>\n<\/div>\n<p>Auteur: ALM<br \/>\n<a href=\"https:\/\/aujourdhui.ma\/actualite\/video-ouverture-a-casablanca-de-la-9eme-edition-salon-logismed-comme-si-vous-y-etiez\">Cliquez ici pour lire l&rsquo;article depuis sa source.<\/a><\/p>\n","protected":false},"excerpt":{"rendered":"<p>La 9\u00e8me \u00e9dition du Salon International du Transport et de la Logistique pour l\u2019Afrique et la M\u00e9diterran\u00e9e (Logismed) s\u2019est ouverte, mardi \u00e0 Casablanca, sous la pr\u00e9sidence du ministre du Transport et de la Logistique, Mohamed Abdeljalil. Plac\u00e9 sous le th\u00e8me \u00ab\u00a0la digitalisation, une simple \u00e9volution ou une n\u00e9cessaire r\u00e9volution dans un monde VUCA\u00a0\u00bb, Logismed 2022 [&hellip;]<\/p>\n","protected":false},"author":1759,"featured_media":0,"comment_status":"closed","ping_status":"closed","sticky":false,"template":"","format":"standard","meta":{"fifu_image_url":"https:\/\/aujourdhui.ma\/wp-content\/uploads\/2022\/06\/Video-Ouverture-a-Casablanca-de-la-9eme-edition-Salon-Logismed-comme-si-vous-y-etiez-300x153.png","fifu_image_alt":"Vid\u00e9o- \u00a0Ouverture \u00e0 Casablanca de la 9\u00e8me \u00e9dition: Salon Logismed, comme si vous y \u00e9tiez!","footnotes":""},"categories":[73,54],"tags":[],"class_list":["post-150117","post","type-post","status-publish","format-standard","hentry","category-actualite","category-maroc"],"_links":{"self":[{"href":"https:\/\/linitiative.ca\/International\/wp-json\/wp\/v2\/posts\/150117","targetHints":{"allow":["GET"]}}],"collection":[{"href":"https:\/\/linitiative.ca\/International\/wp-json\/wp\/v2\/posts"}],"about":[{"href":"https:\/\/linitiative.ca\/International\/wp-json\/wp\/v2\/types\/post"}],"author":[{"embeddable":true,"href":"https:\/\/linitiative.ca\/International\/wp-json\/wp\/v2\/users\/1759"}],"replies":[{"embeddable":true,"href":"https:\/\/linitiative.ca\/International\/wp-json\/wp\/v2\/comments?post=150117"}],"version-history":[{"count":0,"href":"https:\/\/linitiative.ca\/International\/wp-json\/wp\/v2\/posts\/150117\/revisions"}],"wp:attachment":[{"href":"https:\/\/linitiative.ca\/International\/wp-json\/wp\/v2\/media?parent=150117"}],"wp:term":[{"taxonomy":"category","embeddable":true,"href":"https:\/\/linitiative.ca\/International\/wp-json\/wp\/v2\/categories?post=150117"},{"taxonomy":"post_tag","embeddable":true,"href":"https:\/\/linitiative.ca\/International\/wp-json\/wp\/v2\/tags?post=150117"}],"curies":[{"name":"wp","href":"https:\/\/api.w.org\/{rel}","templated":true}]}}