{"id":15012,"date":"2019-02-17T17:01:48","date_gmt":"2019-02-17T22:01:48","guid":{"rendered":"https:\/\/linitiative.ca\/International\/participation-citoyenne-et-bonne-gouvernance\/"},"modified":"2019-02-17T17:01:48","modified_gmt":"2019-02-17T22:01:48","slug":"participation-citoyenne-et-bonne-gouvernance","status":"publish","type":"post","link":"https:\/\/linitiative.ca\/International\/participation-citoyenne-et-bonne-gouvernance\/","title":{"rendered":"Participation citoyenne et bonne gouvernance"},"content":{"rendered":"<div class=\"td-post-featured-image\"><a href=\"https:\/\/i0.wp.com\/www.sidwaya.info\/wp-content\/uploads\/2019\/02\/mission.jpg?fit=787%2C590&#038;ssl=1\" data-caption=\"\"><img loading=\"lazy\" decoding=\"async\" width=\"696\" height=\"522\" class=\"entry-thumb td-modal-image\" src=\"https:\/\/i0.wp.com\/www.sidwaya.info\/wp-content\/uploads\/2019\/02\/mission.jpg?resize=696%2C522&#038;ssl=1\" srcset=\"https:\/\/i0.wp.com\/www.sidwaya.info\/wp-content\/uploads\/2019\/02\/mission.jpg?w=787&#038;ssl=1 787w, https:\/\/i0.wp.com\/www.sidwaya.info\/wp-content\/uploads\/2019\/02\/mission.jpg?resize=300%2C225&#038;ssl=1 300w, https:\/\/i0.wp.com\/www.sidwaya.info\/wp-content\/uploads\/2019\/02\/mission.jpg?resize=768%2C576&#038;ssl=1 768w, https:\/\/i0.wp.com\/www.sidwaya.info\/wp-content\/uploads\/2019\/02\/mission.jpg?resize=80%2C60&#038;ssl=1 80w, https:\/\/i0.wp.com\/www.sidwaya.info\/wp-content\/uploads\/2019\/02\/mission.jpg?resize=265%2C198&#038;ssl=1 265w, https:\/\/i0.wp.com\/www.sidwaya.info\/wp-content\/uploads\/2019\/02\/mission.jpg?resize=696%2C522&#038;ssl=1 696w, https:\/\/i0.wp.com\/www.sidwaya.info\/wp-content\/uploads\/2019\/02\/mission.jpg?resize=560%2C420&#038;ssl=1 560w\" sizes=\"auto, (max-width: 696px) 100vw, 696px\" alt=\"\" title=\"mission\"\/><\/a><\/div>\n<p><strong>L\u2019Association d\u2019appui technique en travaux ruraux (ATTR) a lanc\u00e9, le vendredi 15 f\u00e9vrier 2019 \u00e0 Ziniar\u00e9, le programme de la sous composante C1 du Programme d\u2019appui aux collectivit\u00e9s territoriales (PACT).<\/strong><\/p>\n<p>Dans le cadre de la mise en \u0153uvre de la deuxi\u00e8me phase du Programme d\u2019appui aux collectivit\u00e9s territoriales (PACT), un accent est mis sur la sous composante C1\u00a0: \u00abAppui \u00e0 la participation citoyenne\u00bb. Cette sous composante vise \u00e0 am\u00e9liorer l\u2019obligation de rendre compte entre les autorit\u00e9s communales et les citoyens. Sa mise en \u0153uvre dans le Plateau central sera assur\u00e9e par l\u2019Association d\u2019appui technique en travaux ruraux (ATTR) et sous la supervision de l\u2019Association des municipalit\u00e9s du Burkina Faso (AMBF). Le lancement des activit\u00e9s de ce programme est intervenu au cours d\u2019un atelier r\u00e9gional organis\u00e9 \u00e0 Ziniar\u00e9, le vendredi 15 f\u00e9vrier 2019.<\/p>\n<p>Le lancement avait pour objectif de permettre \u00e0 l\u2019ATTR de pr\u00e9senter aux acteurs, les principales activit\u00e9s et la strat\u00e9gie de leur mise en \u0153uvre, mais surtout d\u2019\u00e9tablir une relation de travail avec les acteurs et de recueillir leurs suggestions et recommandations pour la mise en \u0153uvre r\u00e9ussie des activit\u00e9s. Les travaux ont \u00e9t\u00e9 marqu\u00e9s par les pr\u00e9sentations de l\u2019ATTR, du PACT, de la sous composante C1, des activit\u00e9s pr\u00e9vues et de la strat\u00e9gie de mise en \u0153uvre. Les activit\u00e9s inscrites de la sous composante C1 visent \u00e0 renforcer la surveillance par les conseils locaux et la communaut\u00e9 de la performance des collectivit\u00e9s et \u00e0 motiver les populations \u00e0 s\u2019engager plus activement dans la prise des d\u00e9cisions locales. Ainsi, les activit\u00e9s pr\u00e9vues sont, entre autres, la sensibilisation et la mobilisation des communaut\u00e9s, l\u2019appui aux repr\u00e9sentants des communaut\u00e9s locales en vue de d\u00e9velopper des m\u00e9canismes de suivi participatif et l\u2019appui technique aux communes pour la mise en \u0153uvre des exigences des Subventions de d\u00e9veloppement institutionnel (SDI).<\/p>\n<p>20 communes concern\u00e9es<\/p>\n<p>A cela, s\u2019ajoutent l\u2019appui \u00e0 l\u2019organisation d\u2019au moins deux cadres de concertation par commune et par an, le d\u00e9veloppement et le maintien d\u2019un syst\u00e8me fonctionnel de plaintes et des griefs. Pour le chef de mission de l\u2019ATTR, Alassane Tou,\u00a0la nouveaut\u00e9 dans cette deuxi\u00e8me phase du PACT est \u00abl\u2019implication active et effective\u00bb des communaut\u00e9s dans la surveillance des activit\u00e9s. \u00abD\u00e9sormais, les citoyens doivent avoir leur mot \u00e0 dire dans la gestion de leurs communes.<\/p>\n<p>C\u2019est une innovation qui offre une ouverture large aux citoyens et citoyennes de surveiller et de veiller sur leur commune\u00bb, a-t-il indiqu\u00e9. Ce programme sera ex\u00e9cut\u00e9 sur une ann\u00e9e par l\u2019ATTR dans les 20 communes urbaines et rurales de la r\u00e9gion du Plateau central. Le pr\u00e9sident de la section r\u00e9gionale de l\u2019AMBF du Plateau central, Marcel Guir\u00e9, pour sa part, a favorablement accueilli cette composante et souhait\u00e9 une bonne ex\u00e9cution des activit\u00e9s. Pour Clarisse Bagagnan, conseill\u00e8re technique, repr\u00e9sentant Mme la gouverneure du Plateau central, le renforcement de la d\u00e9centralisation exige la participation et la contribution de tous les citoyens qui constituent le socle m\u00eame de la r\u00e9ussite des activit\u00e9s de d\u00e9veloppement local.<\/p>\n<p>Les leaders communaux, a-t-elle poursuivi, doivent mettre tout en \u0153uvre pour susciter l\u2019implication \u00e0 un haut niveau de tous les acteurs. Mme Bagagnan a donc salu\u00e9 la pertinence des activit\u00e9s de cette composante qui, \u00e0 son sens, contribueront \u00e0 une r\u00e9elle promotion de la bonne gouvernance et de la participation citoyenne dans la r\u00e9gion. \u00abJ\u2019invite les maires des communes, les directeurs r\u00e9gionaux, les autorit\u00e9s administratives et l\u2019ensemble de la population \u00e0 un engagement fort pour la r\u00e9ussite de ce programme. J\u2019exhorte \u00e9galement tous les acteurs \u00e0 une enti\u00e8re disponibilit\u00e9 afin d\u2019accompagner l\u2019ATTR dans sa mission\u00bb, a invit\u00e9 Mme Bagagnan.<br \/>Cr\u00e9\u00e9e en 1999, l\u2019ATTR intervient dans plusieurs domaines tels que le d\u00e9veloppement local et la d\u00e9centralisation, l\u2019appui\/conseil aux collectivit\u00e9s territoriales, l\u2019am\u00e9nagement rural, le renforcement des capacit\u00e9s des \u00e9lus, la facilitation des rencontres et de la concertation, la bonne gouvernance, la gestion des ressources naturelles.<\/p>\n<p>Abdias Cyprien SAWADOGO<\/p>\n<div class=\"td-a-rec td-a-rec-id-content_bottom td_uid_21_5c69e3c04093b_rand td_block_template_1\"><img loading=\"lazy\" decoding=\"async\" class=\"alignright size-full wp-image-1724\" src=\"https:\/\/www.sidwaya.info\/wp-content\/uploads\/2018\/12\/sidwaya-pub.jpg\" alt=\"\" width=\"720\" height=\"90\"\/><\/div>\n<p>Auteur: BM. Sidwaya<br \/>\n<a href=\"https:\/\/www.sidwaya.info\/blog\/2019\/02\/17\/participation-citoyenne-et-bonne-gouvernance\/\">Cliquez ici pour lire l&rsquo;article depuis sa source.<\/a><\/p>\n","protected":false},"excerpt":{"rendered":"<p>L\u2019Association d\u2019appui technique en travaux ruraux (ATTR) a lanc\u00e9, le vendredi 15 f\u00e9vrier 2019 \u00e0 Ziniar\u00e9, le programme de la sous composante C1 du Programme d\u2019appui aux collectivit\u00e9s territoriales (PACT). Dans le cadre de la mise en \u0153uvre de la deuxi\u00e8me phase du Programme d\u2019appui aux collectivit\u00e9s territoriales (PACT), un accent est mis sur la [&hellip;]<\/p>\n","protected":false},"author":1816,"featured_media":0,"comment_status":"closed","ping_status":"closed","sticky":false,"template":"","format":"standard","meta":{"fifu_image_url":"","fifu_image_alt":"","footnotes":""},"categories":[73,81],"tags":[],"class_list":["post-15012","post","type-post","status-publish","format-standard","hentry","category-actualite","category-burkina-faso"],"_links":{"self":[{"href":"https:\/\/linitiative.ca\/International\/wp-json\/wp\/v2\/posts\/15012","targetHints":{"allow":["GET"]}}],"collection":[{"href":"https:\/\/linitiative.ca\/International\/wp-json\/wp\/v2\/posts"}],"about":[{"href":"https:\/\/linitiative.ca\/International\/wp-json\/wp\/v2\/types\/post"}],"author":[{"embeddable":true,"href":"https:\/\/linitiative.ca\/International\/wp-json\/wp\/v2\/users\/1816"}],"replies":[{"embeddable":true,"href":"https:\/\/linitiative.ca\/International\/wp-json\/wp\/v2\/comments?post=15012"}],"version-history":[{"count":0,"href":"https:\/\/linitiative.ca\/International\/wp-json\/wp\/v2\/posts\/15012\/revisions"}],"wp:attachment":[{"href":"https:\/\/linitiative.ca\/International\/wp-json\/wp\/v2\/media?parent=15012"}],"wp:term":[{"taxonomy":"category","embeddable":true,"href":"https:\/\/linitiative.ca\/International\/wp-json\/wp\/v2\/categories?post=15012"},{"taxonomy":"post_tag","embeddable":true,"href":"https:\/\/linitiative.ca\/International\/wp-json\/wp\/v2\/tags?post=15012"}],"curies":[{"name":"wp","href":"https:\/\/api.w.org\/{rel}","templated":true}]}}