{"id":150124,"date":"2022-06-14T07:49:42","date_gmt":"2022-06-14T11:49:42","guid":{"rendered":"https:\/\/linitiative.ca\/International\/journee-autour-des-nouveautes-relatives-aux-chantiers-de-la-cnss\/"},"modified":"2022-06-14T07:49:42","modified_gmt":"2022-06-14T11:49:42","slug":"journee-autour-des-nouveautes-relatives-aux-chantiers-de-la-cnss","status":"publish","type":"post","link":"https:\/\/linitiative.ca\/International\/journee-autour-des-nouveautes-relatives-aux-chantiers-de-la-cnss\/","title":{"rendered":"Journ\u00e9e autour des nouveaut\u00e9s relatives aux chantiers de la CNSS"},"content":{"rendered":"<div>\n<div style=\"margin-bottom:20px;\"><img loading=\"lazy\" decoding=\"async\" width=\"750\" height=\"430\" src=\"https:\/\/linitiative.ca\/International\/wp-content\/uploads\/sites\/23\/2022\/06\/CCIS-copier.jpg\" class=\"attachment-post-thumbnail size-post-thumbnail wp-post-image\" alt=\"\" srcset=\"https:\/\/linitiative.ca\/International\/wp-content\/uploads\/sites\/23\/2022\/06\/CCIS-copier.jpg 750w, https:\/\/www.mapmarrakech.ma\/map\/uploads\/2022\/06\/CCIS-copier-300x172.jpg 300w\" sizes=\"auto, (max-width: 750px) 100vw, 750px\"><\/div>\n<p>La rencontre a \u00e9t\u00e9 l\u2019occasion pour les professionnels pour s\u2019informer de la remise totale des majorations de retard, astreintes et frais de recouvrement relatifs aux cr\u00e9ances concernant la p\u00e9riode juin 2020 et ant\u00e9rieures ainsi que la remise partielle des majorations de retard, astreintes et frais de recouvrement relatifs aux cr\u00e9ances de l\u2019exercice 2016 et ant\u00e9rieurs conform\u00e9ment aux d\u00e9cisions du conseil d\u2019administration de la CNSS (5 janvier 2022) et les d\u00e9cisions de la ministre de l\u2019\u00e9conomie et des finances (11 f\u00e9vrier 2022).<\/p>\n<p>\u00a0<\/p>\n<p>The post <a rel=\"nofollow\" href=\"https:\/\/www.mapmarrakech.ma\/fr\/journee-autour-des-nouveautes-relatives-aux-chantiers-de-la-cnss\/\">Journ\u00e9e autour des nouveaut\u00e9s relatives aux chantiers de la CNSS<\/a> appeared first on <a rel=\"nofollow\" href=\"https:\/\/www.mapmarrakech.ma\/fr\">MapMarrakech<\/a>.<\/p>\n<\/div>\n<p>Auteur: Meriem IGASS<br \/>\n<a href=\"https:\/\/www.mapmarrakech.ma\/fr\/journee-autour-des-nouveautes-relatives-aux-chantiers-de-la-cnss\/\">Cliquez ici pour lire l&rsquo;article depuis sa source.<\/a><\/p>\n","protected":false},"excerpt":{"rendered":"<p>La rencontre a \u00e9t\u00e9 l\u2019occasion pour les professionnels pour s\u2019informer de la remise totale des majorations de retard, astreintes et frais de recouvrement relatifs aux cr\u00e9ances concernant la p\u00e9riode juin 2020 et ant\u00e9rieures ainsi que la remise partielle des majorations de retard, astreintes et frais de recouvrement relatifs aux cr\u00e9ances de l\u2019exercice 2016 et ant\u00e9rieurs [&hellip;]<\/p>\n","protected":false},"author":1788,"featured_media":0,"comment_status":"closed","ping_status":"closed","sticky":false,"template":"","format":"standard","meta":{"fifu_image_url":"https:\/\/www.mapmarrakech.ma\/map\/uploads\/2022\/06\/CCIS-copier.jpg","fifu_image_alt":"Journ\u00e9e autour des nouveaut\u00e9s relatives aux chantiers de la CNSS","footnotes":""},"categories":[54,76],"tags":[],"class_list":["post-150124","post","type-post","status-publish","format-standard","hentry","category-maroc","category-regions"],"_links":{"self":[{"href":"https:\/\/linitiative.ca\/International\/wp-json\/wp\/v2\/posts\/150124","targetHints":{"allow":["GET"]}}],"collection":[{"href":"https:\/\/linitiative.ca\/International\/wp-json\/wp\/v2\/posts"}],"about":[{"href":"https:\/\/linitiative.ca\/International\/wp-json\/wp\/v2\/types\/post"}],"author":[{"embeddable":true,"href":"https:\/\/linitiative.ca\/International\/wp-json\/wp\/v2\/users\/1788"}],"replies":[{"embeddable":true,"href":"https:\/\/linitiative.ca\/International\/wp-json\/wp\/v2\/comments?post=150124"}],"version-history":[{"count":0,"href":"https:\/\/linitiative.ca\/International\/wp-json\/wp\/v2\/posts\/150124\/revisions"}],"wp:attachment":[{"href":"https:\/\/linitiative.ca\/International\/wp-json\/wp\/v2\/media?parent=150124"}],"wp:term":[{"taxonomy":"category","embeddable":true,"href":"https:\/\/linitiative.ca\/International\/wp-json\/wp\/v2\/categories?post=150124"},{"taxonomy":"post_tag","embeddable":true,"href":"https:\/\/linitiative.ca\/International\/wp-json\/wp\/v2\/tags?post=150124"}],"curies":[{"name":"wp","href":"https:\/\/api.w.org\/{rel}","templated":true}]}}