{"id":150135,"date":"2022-06-14T04:58:00","date_gmt":"2022-06-14T08:58:00","guid":{"rendered":"https:\/\/linitiative.ca\/International\/mohamed-harmel-comment-aurait-il-ete-communiste-aujourdhui\/"},"modified":"2022-06-14T04:58:00","modified_gmt":"2022-06-14T08:58:00","slug":"mohamed-harmel-comment-aurait-il-ete-communiste-aujourdhui","status":"publish","type":"post","link":"https:\/\/linitiative.ca\/International\/mohamed-harmel-comment-aurait-il-ete-communiste-aujourdhui\/","title":{"rendered":"Mohamed Harmel: Comment aurait-il \u00e9t\u00e9 communiste aujourd\u2019hui ?"},"content":{"rendered":"<div><img decoding=\"async\" src=\"https:\/\/linitiative.ca\/International\/wp-content\/uploads\/sites\/23\/2022\/06\/1655193989_article.jpg\" alt=\"Mohamed Harmel: Comment aurait-il \u00e9t\u00e9 communiste aujourd\u2019hui ?\" align=\"left\">Revisiter le parcours du premier secr\u00e9taire du Parti communiste tunisien, Mohamed Harmel (1929- 2011), et relire de nombreux extraits de ses \u00e9crits et d\u00e9clarations, \u00e0 la lumi\u00e8re particuli\u00e8rement de la guerre en Ukraine, prend une dimension singuli\u00e8re. Comment aurait-il r\u00e9agi aujourd\u2019hui ? Quelle aurait \u00e9t\u00e9 son attitude \u00e0 l\u2019\u00e9gard de Moscou ? Et quelle position aurait-il adopt\u00e9e face aux Etats-Unis d\u2019Am\u00e9rique, l\u2019Europe et l\u2019Otan ? Le livre qui lui est consacr\u00e9 en hommage, sous le titre de Mohamed Harmel, une figure de la gauche tunisienne (Editions Nirvana), ne pouvait aborder cette acc\u00e9l\u00e9ration r\u00e9cente de l\u2019actualit\u00e9 g\u00e9opolitique. Il permet cependant de &#8230;<\/p>\n<\/div>\n<p>Auteur:<br \/>\n<a href=\"https:\/\/www.leaders.com.tn\/article\/33481-mohamed-harmel-comment-aurait-il-ete-communiste-aujourd-hui\">Cliquez ici pour lire l&rsquo;article depuis sa source.<\/a><\/p>\n","protected":false},"excerpt":{"rendered":"<p>Revisiter le parcours du premier secr\u00e9taire du Parti communiste tunisien, Mohamed Harmel (1929- 2011), et relire de nombreux extraits de ses \u00e9crits et d\u00e9clarations, \u00e0 la lumi\u00e8re particuli\u00e8rement de la guerre en Ukraine, prend une dimension singuli\u00e8re. Comment aurait-il r\u00e9agi aujourd\u2019hui ? Quelle aurait \u00e9t\u00e9 son attitude \u00e0 l\u2019\u00e9gard de Moscou ? Et quelle position [&hellip;]<\/p>\n","protected":false},"author":1772,"featured_media":0,"comment_status":"closed","ping_status":"closed","sticky":false,"template":"","format":"standard","meta":{"fifu_image_url":"http:\/\/www.leaders.com.tn\/uploads\/content\/thumbnails_small\/1655193989_article.jpg","fifu_image_alt":"Mohamed Harmel: Comment aurait-il \u00e9t\u00e9 communiste aujourd\u2019hui ?","footnotes":""},"categories":[73,55],"tags":[],"class_list":["post-150135","post","type-post","status-publish","format-standard","hentry","category-actualite","category-tunisie"],"_links":{"self":[{"href":"https:\/\/linitiative.ca\/International\/wp-json\/wp\/v2\/posts\/150135","targetHints":{"allow":["GET"]}}],"collection":[{"href":"https:\/\/linitiative.ca\/International\/wp-json\/wp\/v2\/posts"}],"about":[{"href":"https:\/\/linitiative.ca\/International\/wp-json\/wp\/v2\/types\/post"}],"author":[{"embeddable":true,"href":"https:\/\/linitiative.ca\/International\/wp-json\/wp\/v2\/users\/1772"}],"replies":[{"embeddable":true,"href":"https:\/\/linitiative.ca\/International\/wp-json\/wp\/v2\/comments?post=150135"}],"version-history":[{"count":0,"href":"https:\/\/linitiative.ca\/International\/wp-json\/wp\/v2\/posts\/150135\/revisions"}],"wp:attachment":[{"href":"https:\/\/linitiative.ca\/International\/wp-json\/wp\/v2\/media?parent=150135"}],"wp:term":[{"taxonomy":"category","embeddable":true,"href":"https:\/\/linitiative.ca\/International\/wp-json\/wp\/v2\/categories?post=150135"},{"taxonomy":"post_tag","embeddable":true,"href":"https:\/\/linitiative.ca\/International\/wp-json\/wp\/v2\/tags?post=150135"}],"curies":[{"name":"wp","href":"https:\/\/api.w.org\/{rel}","templated":true}]}}