{"id":150141,"date":"2022-06-14T11:29:00","date_gmt":"2022-06-14T15:29:00","guid":{"rendered":"https:\/\/linitiative.ca\/International\/retour-a-montesquieu-lequilibre-des-pouvoirs-condition-de-la-liberte\/"},"modified":"2022-06-14T11:29:00","modified_gmt":"2022-06-14T15:29:00","slug":"retour-a-montesquieu-lequilibre-des-pouvoirs-condition-de-la-liberte","status":"publish","type":"post","link":"https:\/\/linitiative.ca\/International\/retour-a-montesquieu-lequilibre-des-pouvoirs-condition-de-la-liberte\/","title":{"rendered":"Retour \u00e0 Montesquieu &#8211; L\u2019\u00e9quilibre des pouvoirs, condition de la libert\u00e9"},"content":{"rendered":"<div><img decoding=\"async\" src=\"https:\/\/linitiative.ca\/International\/wp-content\/uploads\/sites\/23\/2022\/06\/1655218011_article.jpg\" alt=\"Retour \u00e0 Montesquieu - L\u2019\u00e9quilibre des pouvoirs, condition de la libert\u00e9\" align=\"left\">Par Rafa\u00e2 Ben Achour &#8211; Formalis\u00e9e par Thucydide(1) puis par John Locke(2), la th\u00e9orie de la s\u00e9paration des pouvoirs ou, plus pr\u00e9cis\u00e9ment la th\u00e9orie de l\u2019\u00e9quilibre des pouvoirs, est reprise et conceptualis\u00e9e par Montesquieu. Pour le philosophe des lumi\u00e8res, les pouvoirs ne peuvent s\u2019\u00e9quilibrer s\u2019ils ne sont pas s\u00e9par\u00e9s et si l\u2019\u00e9quilibre est rompu. En l\u2019absence de limites, ils sont sous la mainmise d\u2019une seule autorit\u00e9. La concentration des pouvoirs est une n\u00e9gation de la libert\u00e9.<br \/>\nMontesquieu a adopt\u00e9 une approche essentiellement comparative dans son analyse de la notion de limitation des pouvoirs, notion qui fonde aujourd\u2019hui le droit constitutionnel et &#8230;<\/p>\n<\/div>\n<p>Auteur:<br \/>\n<a href=\"https:\/\/www.leaders.com.tn\/article\/33484-retour-a-montesquieu-l-equilibre-des-pouvoirs-condition-de-la-liberte\">Cliquez ici pour lire l&rsquo;article depuis sa source.<\/a><\/p>\n","protected":false},"excerpt":{"rendered":"<p>Par Rafa\u00e2 Ben Achour &#8211; Formalis\u00e9e par Thucydide(1) puis par John Locke(2), la th\u00e9orie de la s\u00e9paration des pouvoirs ou, plus pr\u00e9cis\u00e9ment la th\u00e9orie de l\u2019\u00e9quilibre des pouvoirs, est reprise et conceptualis\u00e9e par Montesquieu. Pour le philosophe des lumi\u00e8res, les pouvoirs ne peuvent s\u2019\u00e9quilibrer s\u2019ils ne sont pas s\u00e9par\u00e9s et si l\u2019\u00e9quilibre est rompu. En [&hellip;]<\/p>\n","protected":false},"author":1772,"featured_media":0,"comment_status":"closed","ping_status":"closed","sticky":false,"template":"","format":"standard","meta":{"fifu_image_url":"http:\/\/www.leaders.com.tn\/uploads\/content\/thumbnails_small\/1655218011_article.jpg","fifu_image_alt":"Retour \u00e0 Montesquieu - L\u2019\u00e9quilibre des pouvoirs, condition de la libert\u00e9","footnotes":""},"categories":[73,55],"tags":[],"class_list":["post-150141","post","type-post","status-publish","format-standard","hentry","category-actualite","category-tunisie"],"_links":{"self":[{"href":"https:\/\/linitiative.ca\/International\/wp-json\/wp\/v2\/posts\/150141","targetHints":{"allow":["GET"]}}],"collection":[{"href":"https:\/\/linitiative.ca\/International\/wp-json\/wp\/v2\/posts"}],"about":[{"href":"https:\/\/linitiative.ca\/International\/wp-json\/wp\/v2\/types\/post"}],"author":[{"embeddable":true,"href":"https:\/\/linitiative.ca\/International\/wp-json\/wp\/v2\/users\/1772"}],"replies":[{"embeddable":true,"href":"https:\/\/linitiative.ca\/International\/wp-json\/wp\/v2\/comments?post=150141"}],"version-history":[{"count":0,"href":"https:\/\/linitiative.ca\/International\/wp-json\/wp\/v2\/posts\/150141\/revisions"}],"wp:attachment":[{"href":"https:\/\/linitiative.ca\/International\/wp-json\/wp\/v2\/media?parent=150141"}],"wp:term":[{"taxonomy":"category","embeddable":true,"href":"https:\/\/linitiative.ca\/International\/wp-json\/wp\/v2\/categories?post=150141"},{"taxonomy":"post_tag","embeddable":true,"href":"https:\/\/linitiative.ca\/International\/wp-json\/wp\/v2\/tags?post=150141"}],"curies":[{"name":"wp","href":"https:\/\/api.w.org\/{rel}","templated":true}]}}