{"id":150148,"date":"2022-06-14T11:36:28","date_gmt":"2022-06-14T15:36:28","guid":{"rendered":"https:\/\/linitiative.ca\/International\/first-therm-entame-un-virage-industriel\/"},"modified":"2022-06-14T11:36:28","modified_gmt":"2022-06-14T15:36:28","slug":"first-therm-entame-un-virage-industriel","status":"publish","type":"post","link":"https:\/\/linitiative.ca\/International\/first-therm-entame-un-virage-industriel\/","title":{"rendered":"First Therm entame un virage industriel"},"content":{"rendered":"<div><img decoding=\"async\" width=\"1200\" height=\"738\" src=\"https:\/\/linitiative.ca\/International\/wp-content\/uploads\/sites\/23\/2022\/06\/hicham-.jpg\" class=\"attachment-post-thumbnail size-post-thumbnail wp-post-image\" alt=\"\" loading=\"lazy\" srcset=\"https:\/\/linitiative.ca\/International\/wp-content\/uploads\/sites\/23\/2022\/06\/hicham-.jpg 1200w, https:\/\/www.challenge.ma\/wp-content\/uploads\/2022\/06\/hicham--300x185.jpg 300w, https:\/\/www.challenge.ma\/wp-content\/uploads\/2022\/06\/hicham--1024x630.jpg 1024w, https:\/\/www.challenge.ma\/wp-content\/uploads\/2022\/06\/hicham--768x472.jpg 768w, https:\/\/www.challenge.ma\/wp-content\/uploads\/2022\/06\/hicham--360x221.jpg 360w, https:\/\/www.challenge.ma\/wp-content\/uploads\/2022\/06\/hicham--750x461.jpg 750w\" sizes=\"auto, (max-width: 1200px) 100vw, 1200px\" itemprop=\"image\">Le leader marocain du g\u00e9nie climatique et g\u00e9nie frigorifique se lance dans une aventure industrielle. En effet, First Therm, l\u2019importateur et installateur de solutions de climatisation, ventilation, chauffage, froid Industriel, domotique et de GTC, vient d\u2019inaugurer \u00e0 Casablanca sa premi\u00e8re usine sp\u00e9cialis\u00e9e dans la fabrication de gaines m\u00e9talliques pour \u00e9vacuation<\/div>\n<p>Auteur: Adama Sylla<br \/>\n<a href=\"https:\/\/www.challenge.ma\/first-therm-entame-un-virage-industriel%EF%BF%BC-240641\/\">Cliquez ici pour lire l&rsquo;article depuis sa source.<\/a><\/p>\n","protected":false},"excerpt":{"rendered":"<p>Le leader marocain du g\u00e9nie climatique et g\u00e9nie frigorifique se lance dans une aventure industrielle. En effet, First Therm, l\u2019importateur et installateur de solutions de climatisation, ventilation, chauffage, froid Industriel, domotique et de GTC, vient d\u2019inaugurer \u00e0 Casablanca sa premi\u00e8re usine sp\u00e9cialis\u00e9e dans la fabrication de gaines m\u00e9talliques pour \u00e9vacuation Auteur: Adama Sylla Cliquez ici [&hellip;]<\/p>\n","protected":false},"author":1787,"featured_media":0,"comment_status":"closed","ping_status":"closed","sticky":false,"template":"","format":"standard","meta":{"fifu_image_url":"https:\/\/www.challenge.ma\/wp-content\/uploads\/2022\/06\/hicham-.jpg","fifu_image_alt":"First Therm entame un virage industriel","footnotes":""},"categories":[78,54],"tags":[],"class_list":["post-150148","post","type-post","status-publish","format-standard","hentry","category-economie","category-maroc"],"_links":{"self":[{"href":"https:\/\/linitiative.ca\/International\/wp-json\/wp\/v2\/posts\/150148","targetHints":{"allow":["GET"]}}],"collection":[{"href":"https:\/\/linitiative.ca\/International\/wp-json\/wp\/v2\/posts"}],"about":[{"href":"https:\/\/linitiative.ca\/International\/wp-json\/wp\/v2\/types\/post"}],"author":[{"embeddable":true,"href":"https:\/\/linitiative.ca\/International\/wp-json\/wp\/v2\/users\/1787"}],"replies":[{"embeddable":true,"href":"https:\/\/linitiative.ca\/International\/wp-json\/wp\/v2\/comments?post=150148"}],"version-history":[{"count":0,"href":"https:\/\/linitiative.ca\/International\/wp-json\/wp\/v2\/posts\/150148\/revisions"}],"wp:attachment":[{"href":"https:\/\/linitiative.ca\/International\/wp-json\/wp\/v2\/media?parent=150148"}],"wp:term":[{"taxonomy":"category","embeddable":true,"href":"https:\/\/linitiative.ca\/International\/wp-json\/wp\/v2\/categories?post=150148"},{"taxonomy":"post_tag","embeddable":true,"href":"https:\/\/linitiative.ca\/International\/wp-json\/wp\/v2\/tags?post=150148"}],"curies":[{"name":"wp","href":"https:\/\/api.w.org\/{rel}","templated":true}]}}