{"id":150150,"date":"2022-06-14T15:15:10","date_gmt":"2022-06-14T19:15:10","guid":{"rendered":"https:\/\/linitiative.ca\/International\/des-experts-qataris-effectuent-une-visite-au-maroc-pour-une-formation-en-cybersecurite\/"},"modified":"2022-06-14T15:15:10","modified_gmt":"2022-06-14T19:15:10","slug":"des-experts-qataris-effectuent-une-visite-au-maroc-pour-une-formation-en-cybersecurite","status":"publish","type":"post","link":"https:\/\/linitiative.ca\/International\/des-experts-qataris-effectuent-une-visite-au-maroc-pour-une-formation-en-cybersecurite\/","title":{"rendered":"Des experts qataris effectuent une visite au Maroc pour une formation en cybers\u00e9curit\u00e9"},"content":{"rendered":"<div><img decoding=\"async\" width=\"800\" height=\"500\" src=\"https:\/\/linitiative.ca\/International\/wp-content\/uploads\/sites\/23\/2022\/06\/moton4804.jpg\" class=\"attachment-post-thumbnail size-post-thumbnail wp-post-image\" alt=\"\" loading=\"lazy\" srcset=\"https:\/\/linitiative.ca\/International\/wp-content\/uploads\/sites\/23\/2022\/06\/moton4804.jpg 800w, https:\/\/www.challenge.ma\/wp-content\/uploads\/2022\/06\/moton4804-300x188.jpg 300w, https:\/\/www.challenge.ma\/wp-content\/uploads\/2022\/06\/moton4804-768x480.jpg 768w, https:\/\/www.challenge.ma\/wp-content\/uploads\/2022\/06\/moton4804-360x225.jpg 360w, https:\/\/www.challenge.ma\/wp-content\/uploads\/2022\/06\/moton4804-750x469.jpg 750w\" sizes=\"auto, (max-width: 800px) 100vw, 800px\" itemprop=\"image\">Le Maroc et le Qatar s\u2019engagent \u00e0 donner un nouvel \u00e9lan \u00e0 la coop\u00e9ration s\u00e9curitaire en dynamisant le partage d\u2019expertise et l\u2019\u00e9change d\u2019exp\u00e9riences. Le Maroc a accueilli lundi une d\u00e9l\u00e9gation qatarie d\u2019experts en s\u00e9curit\u00e9 qui cherchent \u00e0 b\u00e9n\u00e9ficier d\u2019une formation en mati\u00e8re de lutte contre les activit\u00e9s cybercriminelles des organisations<\/div>\n<p>Auteur: Azeroual Siham<br \/>\n<a href=\"https:\/\/www.challenge.ma\/des-experts-qataris-effectuent-une-visite-au-maroc-pour-une-formation-en-cybersecurite-240646\/\">Cliquez ici pour lire l&rsquo;article depuis sa source.<\/a><\/p>\n","protected":false},"excerpt":{"rendered":"<p>Le Maroc et le Qatar s\u2019engagent \u00e0 donner un nouvel \u00e9lan \u00e0 la coop\u00e9ration s\u00e9curitaire en dynamisant le partage d\u2019expertise et l\u2019\u00e9change d\u2019exp\u00e9riences. Le Maroc a accueilli lundi une d\u00e9l\u00e9gation qatarie d\u2019experts en s\u00e9curit\u00e9 qui cherchent \u00e0 b\u00e9n\u00e9ficier d\u2019une formation en mati\u00e8re de lutte contre les activit\u00e9s cybercriminelles des organisations Auteur: Azeroual Siham Cliquez ici [&hellip;]<\/p>\n","protected":false},"author":1787,"featured_media":0,"comment_status":"closed","ping_status":"closed","sticky":false,"template":"","format":"standard","meta":{"fifu_image_url":"https:\/\/www.challenge.ma\/wp-content\/uploads\/2022\/06\/moton4804.jpg","fifu_image_alt":"Des experts qataris effectuent une visite au Maroc pour une formation en cybers\u00e9curit\u00e9","footnotes":""},"categories":[78,54],"tags":[],"class_list":["post-150150","post","type-post","status-publish","format-standard","hentry","category-economie","category-maroc"],"_links":{"self":[{"href":"https:\/\/linitiative.ca\/International\/wp-json\/wp\/v2\/posts\/150150","targetHints":{"allow":["GET"]}}],"collection":[{"href":"https:\/\/linitiative.ca\/International\/wp-json\/wp\/v2\/posts"}],"about":[{"href":"https:\/\/linitiative.ca\/International\/wp-json\/wp\/v2\/types\/post"}],"author":[{"embeddable":true,"href":"https:\/\/linitiative.ca\/International\/wp-json\/wp\/v2\/users\/1787"}],"replies":[{"embeddable":true,"href":"https:\/\/linitiative.ca\/International\/wp-json\/wp\/v2\/comments?post=150150"}],"version-history":[{"count":0,"href":"https:\/\/linitiative.ca\/International\/wp-json\/wp\/v2\/posts\/150150\/revisions"}],"wp:attachment":[{"href":"https:\/\/linitiative.ca\/International\/wp-json\/wp\/v2\/media?parent=150150"}],"wp:term":[{"taxonomy":"category","embeddable":true,"href":"https:\/\/linitiative.ca\/International\/wp-json\/wp\/v2\/categories?post=150150"},{"taxonomy":"post_tag","embeddable":true,"href":"https:\/\/linitiative.ca\/International\/wp-json\/wp\/v2\/tags?post=150150"}],"curies":[{"name":"wp","href":"https:\/\/api.w.org\/{rel}","templated":true}]}}