{"id":150157,"date":"2022-06-14T15:46:02","date_gmt":"2022-06-14T19:46:02","guid":{"rendered":"https:\/\/linitiative.ca\/International\/percee-du-m23-en-rdc-felix-tshisekedi-doit-se-faire-du-mouron\/"},"modified":"2022-06-14T15:46:02","modified_gmt":"2022-06-14T19:46:02","slug":"percee-du-m23-en-rdc-felix-tshisekedi-doit-se-faire-du-mouron","status":"publish","type":"post","link":"https:\/\/linitiative.ca\/International\/percee-du-m23-en-rdc-felix-tshisekedi-doit-se-faire-du-mouron\/","title":{"rendered":"PERCEE\u00a0 DU M23\u00a0 EN RDC : F\u00e9lix\u00a0 Tshis\u00e9k\u00e9di\u00a0 doit se faire du mouron"},"content":{"rendered":"<div>\n<p><img loading=\"lazy\" decoding=\"async\" width=\"1000\" height=\"563\" src=\"https:\/\/linitiative.ca\/International\/wp-content\/uploads\/sites\/23\/2022\/06\/rdc-2.jpg\" class=\"attachment- size- wp-post-image\" alt=\"\" style=\"float:left; margin:0 15px 15px 0;\" srcset=\"https:\/\/linitiative.ca\/International\/wp-content\/uploads\/sites\/23\/2022\/06\/rdc-2.jpg 1000w, https:\/\/lepays.bf\/wp-content\/uploads\/2022\/06\/rdc-2-300x169.jpg 300w, https:\/\/lepays.bf\/wp-content\/uploads\/2022\/06\/rdc-2-150x84.jpg 150w, https:\/\/lepays.bf\/wp-content\/uploads\/2022\/06\/rdc-2-768x432.jpg 768w\" sizes=\"auto, (max-width: 1000px) 100vw, 1000px\">L\u2019arm\u00e9e congolaise semble avoir \u00a0perdu du terrain dans le conflit qui l\u2019oppose depuis quelque temps, au mouvement \u00a0rebelle du M23. En effet, \u00a0celle-ci a perdu\u00a0 le contr\u00f4le de la ville strat\u00e9gique de Bunagana, frontali\u00e8re avec l\u2019Ouganda, \u00e0 l\u2019issue de violents affrontements. Ce sont des militaires [\u2026]<\/p>\n<p>L\u2019article <a rel=\"nofollow\" href=\"https:\/\/lepays.bf\/percee-du-m23-en-rdc-felix-tshisekedi-doit-se-faire-du-mouron\/\">PERCEE\u00a0 DU M23\u00a0 EN RDC : F\u00e9lix\u00a0 Tshis\u00e9k\u00e9di\u00a0 doit se faire du mouron<\/a> est apparu en premier sur <a rel=\"nofollow\" href=\"https:\/\/lepays.bf\/\">Editions Le Pays<\/a>.<\/p>\n<\/div>\n<p>Auteur: Editions LEPAYS<br \/>\n<a href=\"https:\/\/lepays.bf\/percee-du-m23-en-rdc-felix-tshisekedi-doit-se-faire-du-mouron\/\">Cliquez ici pour lire l&rsquo;article depuis sa source.<\/a><\/p>\n","protected":false},"excerpt":{"rendered":"<p>L\u2019arm\u00e9e congolaise semble avoir \u00a0perdu du terrain dans le conflit qui l\u2019oppose depuis quelque temps, au mouvement \u00a0rebelle du M23. En effet, \u00a0celle-ci a perdu\u00a0 le contr\u00f4le de la ville strat\u00e9gique de Bunagana, frontali\u00e8re avec l\u2019Ouganda, \u00e0 l\u2019issue de violents affrontements. Ce sont des militaires [\u2026] L\u2019article PERCEE\u00a0 DU M23\u00a0 EN RDC : F\u00e9lix\u00a0 Tshis\u00e9k\u00e9di\u00a0 [&hellip;]<\/p>\n","protected":false},"author":1813,"featured_media":0,"comment_status":"closed","ping_status":"closed","sticky":false,"template":"","format":"standard","meta":{"fifu_image_url":"https:\/\/lepays.bf\/wp-content\/uploads\/2022\/06\/rdc-2.jpg","fifu_image_alt":"PERCEE\u00a0 DU M23\u00a0 EN RDC : F\u00e9lix\u00a0 Tshis\u00e9k\u00e9di\u00a0 doit se faire du mouron","footnotes":""},"categories":[73,81],"tags":[],"class_list":["post-150157","post","type-post","status-publish","format-standard","hentry","category-actualite","category-burkina-faso"],"_links":{"self":[{"href":"https:\/\/linitiative.ca\/International\/wp-json\/wp\/v2\/posts\/150157","targetHints":{"allow":["GET"]}}],"collection":[{"href":"https:\/\/linitiative.ca\/International\/wp-json\/wp\/v2\/posts"}],"about":[{"href":"https:\/\/linitiative.ca\/International\/wp-json\/wp\/v2\/types\/post"}],"author":[{"embeddable":true,"href":"https:\/\/linitiative.ca\/International\/wp-json\/wp\/v2\/users\/1813"}],"replies":[{"embeddable":true,"href":"https:\/\/linitiative.ca\/International\/wp-json\/wp\/v2\/comments?post=150157"}],"version-history":[{"count":0,"href":"https:\/\/linitiative.ca\/International\/wp-json\/wp\/v2\/posts\/150157\/revisions"}],"wp:attachment":[{"href":"https:\/\/linitiative.ca\/International\/wp-json\/wp\/v2\/media?parent=150157"}],"wp:term":[{"taxonomy":"category","embeddable":true,"href":"https:\/\/linitiative.ca\/International\/wp-json\/wp\/v2\/categories?post=150157"},{"taxonomy":"post_tag","embeddable":true,"href":"https:\/\/linitiative.ca\/International\/wp-json\/wp\/v2\/tags?post=150157"}],"curies":[{"name":"wp","href":"https:\/\/api.w.org\/{rel}","templated":true}]}}