{"id":150167,"date":"2022-06-14T10:18:03","date_gmt":"2022-06-14T14:18:03","guid":{"rendered":"https:\/\/linitiative.ca\/International\/burkina-faso-bilan-macabre-apres-lattaque-de-seytenga\/"},"modified":"2022-06-14T10:18:03","modified_gmt":"2022-06-14T14:18:03","slug":"burkina-faso-bilan-macabre-apres-lattaque-de-seytenga","status":"publish","type":"post","link":"https:\/\/linitiative.ca\/International\/burkina-faso-bilan-macabre-apres-lattaque-de-seytenga\/","title":{"rendered":"Burkina Faso : bilan macabre apr\u00e8s l\u2019attaque de Seytenga"},"content":{"rendered":"<div>\n<p><img decoding=\"async\" width=\"671\" height=\"379\" src=\"https:\/\/linitiative.ca\/International\/wp-content\/uploads\/sites\/23\/2022\/06\/16552162831897.jpg\" class=\"attachment-post-thumbnail size-post-thumbnail wp-post-image\" alt=\"\" loading=\"lazy\" srcset=\"https:\/\/linitiative.ca\/International\/wp-content\/uploads\/sites\/23\/2022\/06\/16552162831897.jpg 671w, https:\/\/www.journalducameroun.com\/wp-content\/uploads\/2022\/06\/16552162831897-300x169.jpg 300w, https:\/\/www.journalducameroun.com\/wp-content\/uploads\/2022\/06\/16552162831897-780x440.jpg 780w, https:\/\/www.journalducameroun.com\/wp-content\/uploads\/2022\/06\/16552162831897-380x215.jpg 380w, https:\/\/www.journalducameroun.com\/wp-content\/uploads\/2022\/06\/16552162831897-160x90.jpg 160w, https:\/\/www.journalducameroun.com\/wp-content\/uploads\/2022\/06\/16552162831897-240x135.jpg 240w, https:\/\/www.journalducameroun.com\/wp-content\/uploads\/2022\/06\/16552162831897-600x339.jpg 600w\" sizes=\"auto, (max-width: 671px) 100vw, 671px\"><\/p>\n<p>Le dernier bilan fait \u00e9tat de soixante-dix-neuf civils tu\u00e9s dans la sanglante attaque de Seytenga, au Burkina Faso.\u00c7a fait froid dans le dos. A Seytenga, dans la province de S\u00e9no, \u00e0 276 kilom\u00e8tres au nord-est de Ouagadougou, l&rsquo;attaque contre des civils dans la nuit du samedi 11 au dimanche 12 juin a occasionn\u00e9 la mort de 79 personnes. C&rsquo;est le bilan communiqu\u00e9 par le gouvernement vingt-quatre heures apr\u00e8s un premier d\u00e9compte de 50 d\u00e9c\u00e8s parmi les civils.<\/p>\n<p>Dans la soir\u00e9e de lundi, le pr\u00e9sident de la transition, le Colonel-Lieutenant Paul Henri Sandaogo Damiba a d\u00e9cr\u00e9t\u00e9 un deuil de trois jours \u00e0 compter du mardi 14 juin.<\/p>\n<p>A lire aussi :\u00a0Burkina : la confusion r\u00e8gne apr\u00e8s l&rsquo;attaque contre des civils au nord<\/p>\n<p>Symptomatique de la d\u00e9t\u00e9rioration continue de la s\u00e9curit\u00e9 dans le nord du Burkina Faso, cette attaque attribu\u00e9e aux jihadistes de l&rsquo;Etat islamique au Sahel (EIS) est la plus meurtri\u00e8re apr\u00e8s la trag\u00e9die de Solhan, dans la province de Yagha (r\u00e9gion du Sahel) o\u00f9 160 civils avaient perdu la vie.<\/p>\n<p>Arriv\u00e9s au pouvoir en janvier par un coup d&rsquo;Etat contre Roch Marc Christian Kabor\u00e9, les militaires avaient pris le pari de renverser la tendance.<\/p>\n<p>Suivant cette logique, le pr\u00e9sident de la transition, le Lieutenant-Colonel Paul Henri Sandaogo Damiba s&rsquo;est ouvert au dialogue avec les jihadistes locaux. Une position qu&rsquo;il a r\u00e9affirm\u00e9e lors d&rsquo;une visite samedi 11 janvier \u00e0 Barani, dans le centre-nord, pour d\u00e9corer des gendarmes au lendemain d&rsquo;une attaque qui a fait 4 morts parmi le Groupe d&rsquo;action rapide, de surveillance et d&rsquo;intervention (GARSI).<\/p>\n<p>Cet article <a rel=\"nofollow\" href=\"https:\/\/www.journalducameroun.com\/burkina-faso-bilan-macabre-apres-lattaque-de-seytenga\/\">Burkina Faso : bilan macabre apr\u00e8s l\u2019attaque de Seytenga<\/a> est apparu en premier sur <a rel=\"nofollow\" href=\"https:\/\/www.journalducameroun.com\/\">Journal du Cameroun<\/a>.<\/p>\n<\/div>\n<p>Auteur: APA News<br \/>\n<a href=\"https:\/\/www.journalducameroun.com\/burkina-faso-bilan-macabre-apres-lattaque-de-seytenga\/\">Cliquez ici pour lire l&rsquo;article depuis sa source.<\/a><\/p>\n","protected":false},"excerpt":{"rendered":"<p>Le dernier bilan fait \u00e9tat de soixante-dix-neuf civils tu\u00e9s dans la sanglante attaque de Seytenga, au Burkina Faso.\u00c7a fait froid dans le dos. A Seytenga, dans la province de S\u00e9no, \u00e0 276 kilom\u00e8tres au nord-est de Ouagadougou, l&rsquo;attaque contre des civils dans la nuit du samedi 11 au dimanche 12 juin a occasionn\u00e9 la mort [&hellip;]<\/p>\n","protected":false},"author":1965,"featured_media":0,"comment_status":"closed","ping_status":"closed","sticky":false,"template":"","format":"standard","meta":{"fifu_image_url":"https:\/\/www.journalducameroun.com\/wp-content\/uploads\/2022\/06\/16552162831897.jpg","fifu_image_alt":"Burkina Faso : bilan macabre apr\u00e8s l\u2019attaque de Seytenga","footnotes":""},"categories":[73,82],"tags":[],"class_list":["post-150167","post","type-post","status-publish","format-standard","hentry","category-actualite","category-cameroun"],"_links":{"self":[{"href":"https:\/\/linitiative.ca\/International\/wp-json\/wp\/v2\/posts\/150167","targetHints":{"allow":["GET"]}}],"collection":[{"href":"https:\/\/linitiative.ca\/International\/wp-json\/wp\/v2\/posts"}],"about":[{"href":"https:\/\/linitiative.ca\/International\/wp-json\/wp\/v2\/types\/post"}],"author":[{"embeddable":true,"href":"https:\/\/linitiative.ca\/International\/wp-json\/wp\/v2\/users\/1965"}],"replies":[{"embeddable":true,"href":"https:\/\/linitiative.ca\/International\/wp-json\/wp\/v2\/comments?post=150167"}],"version-history":[{"count":0,"href":"https:\/\/linitiative.ca\/International\/wp-json\/wp\/v2\/posts\/150167\/revisions"}],"wp:attachment":[{"href":"https:\/\/linitiative.ca\/International\/wp-json\/wp\/v2\/media?parent=150167"}],"wp:term":[{"taxonomy":"category","embeddable":true,"href":"https:\/\/linitiative.ca\/International\/wp-json\/wp\/v2\/categories?post=150167"},{"taxonomy":"post_tag","embeddable":true,"href":"https:\/\/linitiative.ca\/International\/wp-json\/wp\/v2\/tags?post=150167"}],"curies":[{"name":"wp","href":"https:\/\/api.w.org\/{rel}","templated":true}]}}