{"id":150169,"date":"2022-06-14T11:29:33","date_gmt":"2022-06-14T15:29:33","guid":{"rendered":"https:\/\/linitiative.ca\/International\/cameroun-unfpa-des-equipements-de-pres-de-200-millions-de-fcfa-remis-au-ministre-de-la-sante\/"},"modified":"2022-06-14T11:29:33","modified_gmt":"2022-06-14T15:29:33","slug":"cameroun-unfpa-des-equipements-de-pres-de-200-millions-de-fcfa-remis-au-ministre-de-la-sante","status":"publish","type":"post","link":"https:\/\/linitiative.ca\/International\/cameroun-unfpa-des-equipements-de-pres-de-200-millions-de-fcfa-remis-au-ministre-de-la-sante\/","title":{"rendered":"Cameroun-Unfpa : des \u00e9quipements de pr\u00e8s de 200 millions de FCFA remis au ministre de la Sant\u00e9"},"content":{"rendered":"<div>\n<p><img decoding=\"async\" width=\"2560\" height=\"1920\" src=\"https:\/\/linitiative.ca\/International\/wp-content\/uploads\/sites\/23\/2022\/06\/REMISE-DES-EQUIPEMENTS-UNFPA-MINSANTE-scaled-1.jpg\" class=\"attachment-post-thumbnail size-post-thumbnail wp-post-image\" alt=\"Des \u00e9quipements de transfusion sanguine remis au Minsant\u00e9\" loading=\"lazy\" srcset=\"https:\/\/linitiative.ca\/International\/wp-content\/uploads\/sites\/23\/2022\/06\/REMISE-DES-EQUIPEMENTS-UNFPA-MINSANTE-scaled-1.jpg 2560w, https:\/\/www.journalducameroun.com\/wp-content\/uploads\/2022\/06\/REMISE-DES-EQUIPEMENTS-UNFPA-MINSANTE-300x225.jpg 300w, https:\/\/www.journalducameroun.com\/wp-content\/uploads\/2022\/06\/REMISE-DES-EQUIPEMENTS-UNFPA-MINSANTE-1024x768.jpg 1024w, https:\/\/www.journalducameroun.com\/wp-content\/uploads\/2022\/06\/REMISE-DES-EQUIPEMENTS-UNFPA-MINSANTE-768x576.jpg 768w, https:\/\/www.journalducameroun.com\/wp-content\/uploads\/2022\/06\/REMISE-DES-EQUIPEMENTS-UNFPA-MINSANTE-1536x1152.jpg 1536w, https:\/\/www.journalducameroun.com\/wp-content\/uploads\/2022\/06\/REMISE-DES-EQUIPEMENTS-UNFPA-MINSANTE-2048x1536.jpg 2048w, https:\/\/www.journalducameroun.com\/wp-content\/uploads\/2022\/06\/REMISE-DES-EQUIPEMENTS-UNFPA-MINSANTE-587x440.jpg 587w, https:\/\/www.journalducameroun.com\/wp-content\/uploads\/2022\/06\/REMISE-DES-EQUIPEMENTS-UNFPA-MINSANTE-600x450.jpg 600w\" sizes=\"auto, (max-width: 2560px) 100vw, 2560px\"><\/p>\n<h2 style=\"text-align: justify;\">Le Fonds des nations unies pour la population a remis ces \u00e9quipements de transfusion sanguine ce mardi 14 juin 2022 gouvernement camerounais. C\u2019\u00e9tait au si\u00e8ge de la Croix rouge camerounaise \u00e0 Yaound\u00e9.<\/h2>\n<p style=\"text-align: justify;\">Le sang c\u2019est la vie\u00a0! Donner du sang, est un acte de solidarit\u00e9 qui aboutit \u00e0 sauver des vies. Car du sang \u00e0 flot, il en faut dans des poches pour offrir en cas de n\u00e9cessit\u00e9. De ce fait, faire un don de sang est un acte capital au Cameroun, o\u00f9 les besoins sont estim\u00e9s \u00e0\u00a0 400\u00a0000 poches de sang par an. Surtout que, selon le directeur g\u00e9n\u00e9ral du centre\u00a0 national de transfusion sanguine, seules 140\u00a0207 poches de sang ont \u00e9t\u00e9 collect\u00e9es en 2021, soit 35% de la couverture des besoins, contre 10% en 2020.<\/p>\n<p style=\"text-align: justify;\">Selon Dr Dora Mbaya, 10% seulement des donneurs sont volontaires. Aussi, les autorit\u00e9s sanitaires ont saisi l\u2019occasion d\u2019une journ\u00e9e, pour appeler d\u2019une m\u00eame voix le public \u00e0 donner volontairement du sang. C\u2019\u00e9tait ce mardi 14 juin, \u00e0 l\u2019occasion de la c\u00e9r\u00e9monie comm\u00e9morative de la journ\u00e9e mondiale des donneurs de sang pr\u00e9sid\u00e9e par le ministre de la Sant\u00e9 publique Malachie Manaouda. Le repr\u00e9sentant-r\u00e9sident de l\u2019Organisation mondiale de la Sant\u00e9 au Cameroun, Phanuel Habimana y \u00e9tait pr\u00e9sent.<\/p>\n<p style=\"text-align: justify;\">Mais, la volont\u00e9 et l\u2019acte de donner ne suffisent pas \u00e0 disposer des stocks de sang de qualit\u00e9. Encore faut-il pousser la g\u00e9n\u00e9rosit\u00e9 plus loin. C\u2019est \u00e0 juste titre que le Fonds des nations unies pour la population (Unfpa) a remis du mat\u00e9riel de transfusion sanguine au ministre de la Sant\u00e9 publique (Minsant\u00e9). Ce mat\u00e9riel acquis par le Minsant\u00e9 sur financement de la Banque islamique de d\u00e9veloppement, repr\u00e9sente un investissement de pr\u00e8s de 200 millions de Francs CFA.<\/p>\n<p style=\"text-align: justify;\">Le package remis de fa\u00e7on symbolique au Dr Malachie Manaouda par la repr\u00e9sentante de l\u2019Unfpa Dalmonte Noemi est constitu\u00e9 de divers appareils. Il contient quatre cong\u00e9lateurs qui assureront le stockage en continue des poches de plasma frais congel\u00e9, quatre dispositifs r\u00e9frig\u00e9r\u00e9s qui seront install\u00e9s dans chaque h\u00f4pital r\u00e9gional pour s\u00e9parer les diff\u00e9rents constituants de sang, 34 r\u00e9frig\u00e9rateurs pour assurer la conservation en permanence des poches de sang, 21 chaises de pr\u00e9l\u00e8vement sanguin.<\/p>\n<p style=\"text-align: justify;\">Ces \u00e9quipements vont permettre de lutter contre la mortalit\u00e9 maternelle et n\u00e9onatale. Ils sont destin\u00e9s \u00e0 emp\u00eacher les h\u00e9morragies qui constituent l\u2019une des principales causes de la mortalit\u00e9 chez les femmes lors de l\u2019accouchement.<\/p>\n<p style=\"text-align: justify;\">\u00c0 l&rsquo;occasion de cette journ\u00e9e c\u00e9l\u00e9br\u00e9e sous le th\u00e8me \u00abDonner son sang : un acte de solidarit\u00e9. Rejoignez le mouvement et sauvez des vies\u00bb, chaque personne est invit\u00e9e \u00e0 s&rsquo;engager.<\/p>\n<p style=\"text-align: justify;\">Engageons-nous \u00e0 donner du sang pour sauver des vies, invite le ministre de Sant\u00e9 publique. Suivant cet engagement, des dizaines de personnes ont donn\u00e9 de leur sang ce mardi au si\u00e8ge de la Croix rouge, un acte qu\u2019il est conseill\u00e9 de faire au moins quatre fois.<\/p>\n<p>Cet article <a rel=\"nofollow\" href=\"https:\/\/www.journalducameroun.com\/cameroun-unfpa-des-equipements-de-pres-de-200-millions-de-fcfa-remis-au-ministre-de-la-sante\/\">Cameroun-Unfpa : des \u00e9quipements de pr\u00e8s de 200 millions de FCFA remis au ministre de la Sant\u00e9<\/a> est apparu en premier sur <a rel=\"nofollow\" href=\"https:\/\/www.journalducameroun.com\/\">Journal du Cameroun<\/a>.<\/p>\n<\/div>\n<p>Auteur: Arnaud MAWEL<br \/>\n<a href=\"https:\/\/www.journalducameroun.com\/cameroun-unfpa-des-equipements-de-pres-de-200-millions-de-fcfa-remis-au-ministre-de-la-sante\/\">Cliquez ici pour lire l&rsquo;article depuis sa source.<\/a><\/p>\n","protected":false},"excerpt":{"rendered":"<p>Le Fonds des nations unies pour la population a remis ces \u00e9quipements de transfusion sanguine ce mardi 14 juin 2022 gouvernement camerounais. C\u2019\u00e9tait au si\u00e8ge de la Croix rouge camerounaise \u00e0 Yaound\u00e9. Le sang c\u2019est la vie\u00a0! Donner du sang, est un acte de solidarit\u00e9 qui aboutit \u00e0 sauver des vies. Car du sang \u00e0 [&hellip;]<\/p>\n","protected":false},"author":1965,"featured_media":0,"comment_status":"closed","ping_status":"closed","sticky":false,"template":"","format":"standard","meta":{"fifu_image_url":"https:\/\/www.journalducameroun.com\/wp-content\/uploads\/2022\/06\/REMISE-DES-EQUIPEMENTS-UNFPA-MINSANTE-scaled.jpg","fifu_image_alt":"Cameroun-Unfpa : des \u00e9quipements de pr\u00e8s de 200 millions de FCFA remis au ministre de la Sant\u00e9","footnotes":""},"categories":[73,82],"tags":[],"class_list":["post-150169","post","type-post","status-publish","format-standard","hentry","category-actualite","category-cameroun"],"_links":{"self":[{"href":"https:\/\/linitiative.ca\/International\/wp-json\/wp\/v2\/posts\/150169","targetHints":{"allow":["GET"]}}],"collection":[{"href":"https:\/\/linitiative.ca\/International\/wp-json\/wp\/v2\/posts"}],"about":[{"href":"https:\/\/linitiative.ca\/International\/wp-json\/wp\/v2\/types\/post"}],"author":[{"embeddable":true,"href":"https:\/\/linitiative.ca\/International\/wp-json\/wp\/v2\/users\/1965"}],"replies":[{"embeddable":true,"href":"https:\/\/linitiative.ca\/International\/wp-json\/wp\/v2\/comments?post=150169"}],"version-history":[{"count":0,"href":"https:\/\/linitiative.ca\/International\/wp-json\/wp\/v2\/posts\/150169\/revisions"}],"wp:attachment":[{"href":"https:\/\/linitiative.ca\/International\/wp-json\/wp\/v2\/media?parent=150169"}],"wp:term":[{"taxonomy":"category","embeddable":true,"href":"https:\/\/linitiative.ca\/International\/wp-json\/wp\/v2\/categories?post=150169"},{"taxonomy":"post_tag","embeddable":true,"href":"https:\/\/linitiative.ca\/International\/wp-json\/wp\/v2\/tags?post=150169"}],"curies":[{"name":"wp","href":"https:\/\/api.w.org\/{rel}","templated":true}]}}