{"id":150173,"date":"2022-06-14T15:18:03","date_gmt":"2022-06-14T19:18:03","guid":{"rendered":"https:\/\/linitiative.ca\/International\/somalie-les-shebab-rackettent-les-agriculteurs\/"},"modified":"2022-06-14T15:18:03","modified_gmt":"2022-06-14T19:18:03","slug":"somalie-les-shebab-rackettent-les-agriculteurs","status":"publish","type":"post","link":"https:\/\/linitiative.ca\/International\/somalie-les-shebab-rackettent-les-agriculteurs\/","title":{"rendered":"Somalie : les Shebab rackettent les agriculteurs"},"content":{"rendered":"<div>\n<p><img decoding=\"async\" width=\"1200\" height=\"867\" src=\"https:\/\/linitiative.ca\/International\/wp-content\/uploads\/sites\/23\/2022\/06\/16552342833191.jpg\" class=\"attachment-post-thumbnail size-post-thumbnail wp-post-image\" alt=\"\" loading=\"lazy\" srcset=\"https:\/\/linitiative.ca\/International\/wp-content\/uploads\/sites\/23\/2022\/06\/16552342833191.jpg 1200w, https:\/\/www.journalducameroun.com\/wp-content\/uploads\/2022\/06\/16552342833191-300x217.jpg 300w, https:\/\/www.journalducameroun.com\/wp-content\/uploads\/2022\/06\/16552342833191-1024x740.jpg 1024w, https:\/\/www.journalducameroun.com\/wp-content\/uploads\/2022\/06\/16552342833191-768x555.jpg 768w, https:\/\/www.journalducameroun.com\/wp-content\/uploads\/2022\/06\/16552342833191-609x440.jpg 609w, https:\/\/www.journalducameroun.com\/wp-content\/uploads\/2022\/06\/16552342833191-600x434.jpg 600w\" sizes=\"auto, (max-width: 1200px) 100vw, 1200px\"><\/p>\n<p>Le groupe islamiste fait fuir les paysans en instaurant des taxes dans les zones qu&rsquo;il contr\u00f4le.Depuis deux ans, la Somalie est en proie \u00e0 une s\u00e9cheresse. Celle-ci a plong\u00e9 des millions de personnes dans l&rsquo;ins\u00e9curit\u00e9 alimentaire. Comme un malheur ne vient jamais seul, les Shebab hantent le sommeil des agriculteurs qui doivent s&rsquo;acquitter de taxes pour vivre et travailler paisiblement dans leurs terroirs.<\/p>\n<p>Selon le gouvernement somalien, cette situation a caus\u00e9 le d\u00e9placement de milliers de paysans, laissant derri\u00e8re eux leurs exploitations parce qu&rsquo;ils n&rsquo;en peuvent plus. Un rapport de l&rsquo;Institut Hiraal, publi\u00e9 en 2020, indique que la collecte d&rsquo;imp\u00f4ts locaux aupr\u00e8s notamment d&rsquo;entreprises a rapport\u00e9 aux Shebab plus de 15 millions de dollars dans les parties de la Somalie o\u00f9 ils dictent leur loi.<\/p>\n<p>Cet article <a rel=\"nofollow\" href=\"https:\/\/www.journalducameroun.com\/somalie-les-shebab-rackettent-les-agriculteurs\/\">Somalie : les Shebab rackettent les agriculteurs<\/a> est apparu en premier sur <a rel=\"nofollow\" href=\"https:\/\/www.journalducameroun.com\/\">Journal du Cameroun<\/a>.<\/p>\n<\/div>\n<p>Auteur: APA News<br \/>\n<a href=\"https:\/\/www.journalducameroun.com\/somalie-les-shebab-rackettent-les-agriculteurs\/\">Cliquez ici pour lire l&rsquo;article depuis sa source.<\/a><\/p>\n","protected":false},"excerpt":{"rendered":"<p>Le groupe islamiste fait fuir les paysans en instaurant des taxes dans les zones qu&rsquo;il contr\u00f4le.Depuis deux ans, la Somalie est en proie \u00e0 une s\u00e9cheresse. Celle-ci a plong\u00e9 des millions de personnes dans l&rsquo;ins\u00e9curit\u00e9 alimentaire. Comme un malheur ne vient jamais seul, les Shebab hantent le sommeil des agriculteurs qui doivent s&rsquo;acquitter de taxes [&hellip;]<\/p>\n","protected":false},"author":1965,"featured_media":0,"comment_status":"closed","ping_status":"closed","sticky":false,"template":"","format":"standard","meta":{"fifu_image_url":"https:\/\/www.journalducameroun.com\/wp-content\/uploads\/2022\/06\/16552342833191.jpg","fifu_image_alt":"Somalie : les Shebab rackettent les agriculteurs","footnotes":""},"categories":[73,82],"tags":[],"class_list":["post-150173","post","type-post","status-publish","format-standard","hentry","category-actualite","category-cameroun"],"_links":{"self":[{"href":"https:\/\/linitiative.ca\/International\/wp-json\/wp\/v2\/posts\/150173","targetHints":{"allow":["GET"]}}],"collection":[{"href":"https:\/\/linitiative.ca\/International\/wp-json\/wp\/v2\/posts"}],"about":[{"href":"https:\/\/linitiative.ca\/International\/wp-json\/wp\/v2\/types\/post"}],"author":[{"embeddable":true,"href":"https:\/\/linitiative.ca\/International\/wp-json\/wp\/v2\/users\/1965"}],"replies":[{"embeddable":true,"href":"https:\/\/linitiative.ca\/International\/wp-json\/wp\/v2\/comments?post=150173"}],"version-history":[{"count":0,"href":"https:\/\/linitiative.ca\/International\/wp-json\/wp\/v2\/posts\/150173\/revisions"}],"wp:attachment":[{"href":"https:\/\/linitiative.ca\/International\/wp-json\/wp\/v2\/media?parent=150173"}],"wp:term":[{"taxonomy":"category","embeddable":true,"href":"https:\/\/linitiative.ca\/International\/wp-json\/wp\/v2\/categories?post=150173"},{"taxonomy":"post_tag","embeddable":true,"href":"https:\/\/linitiative.ca\/International\/wp-json\/wp\/v2\/tags?post=150173"}],"curies":[{"name":"wp","href":"https:\/\/api.w.org\/{rel}","templated":true}]}}