{"id":150175,"date":"2022-06-14T15:18:03","date_gmt":"2022-06-14T19:18:03","guid":{"rendered":"https:\/\/linitiative.ca\/International\/maroc-la-bad-mobilise-91-millions-deuros-pour-renforcer-lattractivite-du-pays-et-sa-position-de-hub-regional\/"},"modified":"2022-06-14T15:18:03","modified_gmt":"2022-06-14T19:18:03","slug":"maroc-la-bad-mobilise-91-millions-deuros-pour-renforcer-lattractivite-du-pays-et-sa-position-de-hub-regional","status":"publish","type":"post","link":"https:\/\/linitiative.ca\/International\/maroc-la-bad-mobilise-91-millions-deuros-pour-renforcer-lattractivite-du-pays-et-sa-position-de-hub-regional\/","title":{"rendered":"Maroc : La BAD mobilise 91 millions d\u2019euros pour renforcer l\u2019attractivit\u00e9 du pays et sa position de hub r\u00e9gional"},"content":{"rendered":"<div>\n<p><img decoding=\"async\" width=\"275\" height=\"183\" src=\"https:\/\/linitiative.ca\/International\/wp-content\/uploads\/sites\/23\/2022\/06\/16552342831940.jpg\" class=\"attachment-post-thumbnail size-post-thumbnail wp-post-image\" alt=\"\" loading=\"lazy\"><\/p>\n<p>Le Groupe de Banque africaine de d\u00e9veloppement (BAD) et le minist\u00e8re marocain de l&rsquo;\u00c9conomie et des Finances ont sign\u00e9, lundi \u00e0 Rabat, deux accords de pr\u00eat d&rsquo;un total de 91 millions, destin\u00e9s \u00e0 compl\u00e9ter le financement des projets d&rsquo;extension et de modernisation de l&rsquo;a\u00e9roport de Rabat-Sal\u00e9 et de construction du port Nador West Med.La c\u00e9r\u00e9monie de signature a r\u00e9uni la ministre marocaine de l&rsquo;\u00c9conomie et des Finances, Nadia Fettah, la vice-pr\u00e9sidente de la Banque africaine de d\u00e9veloppement en charge du D\u00e9veloppement r\u00e9gional, de l&rsquo;Int\u00e9gration r\u00e9gionale et de la Prestation de services, Yacine Fal, le responsable-pays de la Banque pour le Maroc, Achraf Hassan Tarsim, la directrice g\u00e9n\u00e9rale de l&rsquo;Office national marocain des a\u00e9roports, Habiba Laklalech, ainsi que le directeur g\u00e9n\u00e9ral de Nador West Med, Mohamed Jamal Benjelloune, indique mardi un communiqu\u00e9 de la BAD.<\/p>\n<p>\u00ab Ces deux op\u00e9rations partagent les m\u00eames mots d&rsquo;ordre : attractivit\u00e9, comp\u00e9titivit\u00e9 et int\u00e9gration, a soulign\u00e9 Yacine Fal. Elles viennent consacrer la vision strat\u00e9gique du Roi Mohammed VI qui consiste \u00e0 faire du Maroc un v\u00e9ritable hub r\u00e9gional attractif qui cr\u00e9e de la valeur et de l&#8217;emploi \u00bb.<\/p>\n<p>Le premier accord de pr\u00eat, de plus de 34 millions d&rsquo;euros, vient compl\u00e9ter une enveloppe de 75 millions d&rsquo;euros d\u00e9j\u00e0 mobilis\u00e9e en 2018 pour le Projet d&rsquo;extension et de modernisation de l&rsquo;a\u00e9roport de Rabat-Sal\u00e9, avec l&rsquo;objectif de renforcer la comp\u00e9titivit\u00e9 et l&rsquo;attractivit\u00e9 de la zone \u00e9conomique Rabat-Sal\u00e9.<\/p>\n<p>Il s&rsquo;agit de r\u00e9pondre \u00e0 la hausse du trafic a\u00e9rien dans une zone en plein essor \u00e9conomique autour de la capitale, et de satisfaire les besoins logistiques croissants des op\u00e9rateurs \u00e9conomiques du pays. Les capacit\u00e9s en fret et passagers devraient ainsi \u00eatre quadrupl\u00e9es. De nouvelles lignes vont aussi \u00eatre ouvertes \u00e0 partir de Rabat-Sal\u00e9, pour compl\u00e9ter l&rsquo;offre de l&rsquo;a\u00e9roport de Casablanca.<\/p>\n<p>Le second accord, qui porte sur un financement additionnel de 57 millions d&rsquo;euros vou\u00e9s \u00e0 la construction de Nador West Med, compl\u00e8te une premi\u00e8re enveloppe de pr\u00e8s de 113 millions d&rsquo;euros octroy\u00e9e en 2015.<\/p>\n<p>L&rsquo;objectif est de construire deux terminaux \u00e0 conteneurs \u00e9quivalents vingt pieds, d&rsquo;un poste de chargement vrac sp\u00e9cialis\u00e9 de quatre millions de tonnes, d&rsquo;un terminal de marchandises et d&rsquo;un terminal de produits liquides aux capacit\u00e9s respectives de 33 millions et 14 millions de tonnes. Nador West Med sera ainsi adoss\u00e9 \u00e0 un p\u00f4le commercial, industriel, logistique et tertiaire situ\u00e9 dans une zone \u00e9conomique int\u00e9gr\u00e9e qui offre de nouvelles opportunit\u00e9s d&#8217;emploi.<\/p>\n<p>Au fil d&rsquo;un demi-si\u00e8cle de partenariat avec le Maroc, la Banque africaine de d\u00e9veloppement a engag\u00e9 plus de 12 milliards de dollars dans le pays. Des financements qui couvrent les secteurs de la sant\u00e9, de l&rsquo;agriculture, de l&rsquo;\u00e9nergie, de l&rsquo;eau, des transports, du d\u00e9veloppement humain et du secteur financier.<\/p>\n<p>Cet article <a rel=\"nofollow\" href=\"https:\/\/www.journalducameroun.com\/maroc-la-bad-mobilise-91-millions-deuros-pour-renforcer-lattractivite-du-pays-et-sa-position-de-hub-regional\/\">Maroc : La BAD mobilise 91 millions d\u2019euros pour renforcer l\u2019attractivit\u00e9 du pays et sa position de hub r\u00e9gional<\/a> est apparu en premier sur <a rel=\"nofollow\" href=\"https:\/\/www.journalducameroun.com\/\">Journal du Cameroun<\/a>.<\/p>\n<\/div>\n<p>Auteur: APA News<br \/>\n<a href=\"https:\/\/www.journalducameroun.com\/maroc-la-bad-mobilise-91-millions-deuros-pour-renforcer-lattractivite-du-pays-et-sa-position-de-hub-regional\/\">Cliquez ici pour lire l&rsquo;article depuis sa source.<\/a><\/p>\n","protected":false},"excerpt":{"rendered":"<p>Le Groupe de Banque africaine de d\u00e9veloppement (BAD) et le minist\u00e8re marocain de l&rsquo;\u00c9conomie et des Finances ont sign\u00e9, lundi \u00e0 Rabat, deux accords de pr\u00eat d&rsquo;un total de 91 millions, destin\u00e9s \u00e0 compl\u00e9ter le financement des projets d&rsquo;extension et de modernisation de l&rsquo;a\u00e9roport de Rabat-Sal\u00e9 et de construction du port Nador West Med.La c\u00e9r\u00e9monie [&hellip;]<\/p>\n","protected":false},"author":1965,"featured_media":0,"comment_status":"closed","ping_status":"closed","sticky":false,"template":"","format":"standard","meta":{"fifu_image_url":"https:\/\/www.journalducameroun.com\/wp-content\/uploads\/2022\/06\/16552342831940.jpg","fifu_image_alt":"Maroc : La BAD mobilise 91 millions d\u2019euros pour renforcer l\u2019attractivit\u00e9 du pays et sa position de hub r\u00e9gional","footnotes":""},"categories":[73,82],"tags":[],"class_list":["post-150175","post","type-post","status-publish","format-standard","hentry","category-actualite","category-cameroun"],"_links":{"self":[{"href":"https:\/\/linitiative.ca\/International\/wp-json\/wp\/v2\/posts\/150175","targetHints":{"allow":["GET"]}}],"collection":[{"href":"https:\/\/linitiative.ca\/International\/wp-json\/wp\/v2\/posts"}],"about":[{"href":"https:\/\/linitiative.ca\/International\/wp-json\/wp\/v2\/types\/post"}],"author":[{"embeddable":true,"href":"https:\/\/linitiative.ca\/International\/wp-json\/wp\/v2\/users\/1965"}],"replies":[{"embeddable":true,"href":"https:\/\/linitiative.ca\/International\/wp-json\/wp\/v2\/comments?post=150175"}],"version-history":[{"count":0,"href":"https:\/\/linitiative.ca\/International\/wp-json\/wp\/v2\/posts\/150175\/revisions"}],"wp:attachment":[{"href":"https:\/\/linitiative.ca\/International\/wp-json\/wp\/v2\/media?parent=150175"}],"wp:term":[{"taxonomy":"category","embeddable":true,"href":"https:\/\/linitiative.ca\/International\/wp-json\/wp\/v2\/categories?post=150175"},{"taxonomy":"post_tag","embeddable":true,"href":"https:\/\/linitiative.ca\/International\/wp-json\/wp\/v2\/tags?post=150175"}],"curies":[{"name":"wp","href":"https:\/\/api.w.org\/{rel}","templated":true}]}}