{"id":150178,"date":"2022-06-14T16:39:40","date_gmt":"2022-06-14T20:39:40","guid":{"rendered":"https:\/\/linitiative.ca\/International\/les-camerounais-qui-ont-illuminent-lafrica-ceo-forum-a-abidjan\/"},"modified":"2022-06-14T16:39:40","modified_gmt":"2022-06-14T20:39:40","slug":"les-camerounais-qui-ont-illuminent-lafrica-ceo-forum-a-abidjan","status":"publish","type":"post","link":"https:\/\/linitiative.ca\/International\/les-camerounais-qui-ont-illuminent-lafrica-ceo-forum-a-abidjan\/","title":{"rendered":"Les camerounais qui ont illuminent l\u2019Africa CEO Forum \u00e0 Abidjan"},"content":{"rendered":"<div>\n<p>1\u00a0500 participants \u00e9taient rassembl\u00e9s au Sofitel Ivoire d\u2019Abidjan pour assister \u00e0 l\u2019un des plus grands rassemblements \u00e9conomiques d\u2019Afrique.\u00a0Chefs d\u2019entreprises, investisseurs, d\u00e9cideurs politiques ainsi que de nombreux journalistes de nationalit\u00e9s confondues ont ralli\u00e9 la capitale \u00e9conomique ivoirienne pour participer \u00e0\u00a0<em>\u00a0<\/em>l\u2019Africa CEO Forum,\u00a0un \u00e9v\u00e9nement consacr\u00e9 aux acteurs du secteur priv\u00e9 africain. Entre cette \u00e9dition et la pr\u00e9c\u00e9dente, il s\u2019est \u00e9coul\u00e9 2 ann\u00e9es, marqu\u00e9es par la pand\u00e9mie de Covid-19. Cette derni\u00e8re a phagocyt\u00e9 les \u00e9conomies de la quasi-totalit\u00e9 des pays du continent. Depuis le mois de f\u00e9vrier, elles doivent de nouveau faire face \u00e0 une inflation g\u00e9n\u00e9ralis\u00e9e r\u00e9sultant du bouleversement des chaines d\u2019approvisionnement induites par la crise russo-ukrainienne. Comme par le pass\u00e9, Africa CEO Forum se pose donc comme un cadre de r\u00e9flexion et \u00a0de d\u00e9bat d\u2019o\u00f9 doivent jaillir des propositions pour soutenir et certainement impl\u00e9menter l\u2019id\u00e9e d\u2019une souverainet\u00e9 de l\u2019\u00e9conomie africaine.\u00a0\u00a0<\/p>\n<p>C\u2019est du moins ce que semble d\u00e9fendre les organisateurs de ce grand rendez-vous continental. Cette ambition est d\u2019ailleurs r\u00e9sum\u00e9e dans les interrogations suivantes, \u00e9nonc\u00e9es par le magazine Jeune Afrique, qui a organis\u00e9 l\u2019\u00e9v\u00e8nement de concert avec\u00a0\u00a0la Soci\u00e9t\u00e9 financi\u00e8re internationale\u00a0: Comment les \u00e9conomies africaines peuvent-elles r\u00e9sister aux chocs mondiaux ? Quels sont les secteurs prioritaires que les \u00c9tats doivent cibler dans leur qu\u00eate de souverainet\u00e9, et quel impact cela peut-il avoir sur\u00a0la mise en place du march\u00e9 commun africain? Comment le secteur priv\u00e9 africain peut-il contribuer \u00e0\u00a0l\u2019autosuffisance alimentaire du continent? Ou encore, comment africaniser le financement des grands projets d\u2019infrastructures?<\/p>\n<p>Pour y apporter des r\u00e9ponses, les deux institutions se sont entour\u00e9es du gotha du monde des affaires et de la sph\u00e8re politique, parmi lesquels des camerounais.\u00a0Roger Mbassa Dine, le maire de Douala, C\u00e9lestin Tawamba, le pr\u00e9sident du Groupement interpatronal du Cameroun (Gicam),\u00a0Mahmoud Murtada, le Directeur g\u00e9n\u00e9ral de Camvert, Kate Fotso, PDG de Telcar, leader camerounais dans la commercialisation de f\u00e8ves de cacao, le Groupe Noutchogouin repr\u00e9sent\u00e9 par Mme Noutchogouin Kom, Mohamadou, Nana Bouba patron du groupe Nana Bouba, ainsi que les fr\u00e8res Nkontchou de Enko Capital ont ralli\u00e9 Abidjan pour la circonstance . Tout comme Colin Mukete Ceo et pr\u00e9sident de Spectrum Group qui est intervenu dans le cadre des \u00e9changes ax\u00e9s sur le th\u00e8me de la Family Business. Du c\u00f4t\u00e9 des compatriotes de la diaspora, on note \u00a0la pr\u00e9sence du vice-pr\u00e9sident de Lilium Group, Thierry Hot, d\u2019Acha Leke de \u00a0McKinsey Africa qui est intervenu comme expert pour le tout premier panel d\u2019Africa CEO Forum 2022, consacr\u00e9 \u00e0 l\u2019ind\u00e9pendance \u00e9conomique et d\u2019Elisabeth Medou Badang, directrice zone et porte-parole d\u2019Orange pour la zone Moyen-Orient et Afrique. Quelques responsables d\u2019entreprises bas\u00e9es au Cameroun, tels qu\u2019Eddie Ford Brown, PDG de Beneficial Life Insurance, ont \u00e9galement fait le voyage.<\/p>\n<p>Plusieurs leaders politiques \u00a0africains \u00e9taient \u00e9galement pr\u00e9sents \u00e0 ce brainstorming g\u00e9ant. On a notamment aper\u00e7u le chef d\u2019\u00c9tat ivoirien, Alassane Ouattara, le pr\u00e9sident S\u00e9n\u00e9galais Macky Sall, leurs homologues du Niger Mohamed Bazoum, de la Mauritanie Mohamed Ould Ghazouani, du Ghana, Nana Akufo-Addo, ou encore le vice-pr\u00e9sident nig\u00e9rian Yemi Osinbajo. Parmi les d\u00e9cideurs de la sph\u00e8re \u00e9conomique pr\u00e9sents : Ralph Mupita, CEO de MTN ; Abdul Samad Rabiu, PDG de BUA Group ; Delphine Traor\u00e9, directrice g\u00e9n\u00e9rale d\u2019Allianz Africa ; ou encore Ade Ayeyemi, directeur g\u00e9n\u00e9ral d\u2019Ecobank.<\/p>\n<p>L\u2019article <a rel=\"nofollow\" href=\"https:\/\/ecomatin.net\/les-camerounais-qui-ont-illuminent-lafrica-ceo-forum-a-abidjan\/\">Les camerounais qui ont illuminent l\u2019Africa CEO Forum \u00e0 Abidjan<\/a> est apparu en premier sur <a rel=\"nofollow\" href=\"https:\/\/ecomatin.net\/\">EcoMatin<\/a>.<\/p>\n<\/div>\n<p>Auteur: EcoMatin<br \/>\n<a href=\"https:\/\/ecomatin.net\/les-camerounais-qui-ont-illuminent-lafrica-ceo-forum-a-abidjan\/\">Cliquez ici pour lire l&rsquo;article depuis sa source.<\/a><\/p>\n","protected":false},"excerpt":{"rendered":"<p>1\u00a0500 participants \u00e9taient rassembl\u00e9s au Sofitel Ivoire d\u2019Abidjan pour assister \u00e0 l\u2019un des plus grands rassemblements \u00e9conomiques d\u2019Afrique.\u00a0Chefs d\u2019entreprises, investisseurs, d\u00e9cideurs politiques ainsi que de nombreux journalistes de nationalit\u00e9s confondues ont ralli\u00e9 la capitale \u00e9conomique ivoirienne pour participer \u00e0\u00a0\u00a0l\u2019Africa CEO Forum,\u00a0un \u00e9v\u00e9nement consacr\u00e9 aux acteurs du secteur priv\u00e9 africain. Entre cette \u00e9dition et la pr\u00e9c\u00e9dente, [&hellip;]<\/p>\n","protected":false},"author":1969,"featured_media":0,"comment_status":"closed","ping_status":"closed","sticky":false,"template":"","format":"standard","meta":{"fifu_image_url":"","fifu_image_alt":"","footnotes":""},"categories":[82,78],"tags":[],"class_list":["post-150178","post","type-post","status-publish","format-standard","hentry","category-cameroun","category-economie"],"_links":{"self":[{"href":"https:\/\/linitiative.ca\/International\/wp-json\/wp\/v2\/posts\/150178","targetHints":{"allow":["GET"]}}],"collection":[{"href":"https:\/\/linitiative.ca\/International\/wp-json\/wp\/v2\/posts"}],"about":[{"href":"https:\/\/linitiative.ca\/International\/wp-json\/wp\/v2\/types\/post"}],"author":[{"embeddable":true,"href":"https:\/\/linitiative.ca\/International\/wp-json\/wp\/v2\/users\/1969"}],"replies":[{"embeddable":true,"href":"https:\/\/linitiative.ca\/International\/wp-json\/wp\/v2\/comments?post=150178"}],"version-history":[{"count":0,"href":"https:\/\/linitiative.ca\/International\/wp-json\/wp\/v2\/posts\/150178\/revisions"}],"wp:attachment":[{"href":"https:\/\/linitiative.ca\/International\/wp-json\/wp\/v2\/media?parent=150178"}],"wp:term":[{"taxonomy":"category","embeddable":true,"href":"https:\/\/linitiative.ca\/International\/wp-json\/wp\/v2\/categories?post=150178"},{"taxonomy":"post_tag","embeddable":true,"href":"https:\/\/linitiative.ca\/International\/wp-json\/wp\/v2\/tags?post=150178"}],"curies":[{"name":"wp","href":"https:\/\/api.w.org\/{rel}","templated":true}]}}