{"id":150179,"date":"2022-06-14T16:46:10","date_gmt":"2022-06-14T20:46:10","guid":{"rendered":"https:\/\/linitiative.ca\/International\/ecomatin-invite-au-africa-ceo-forum\/"},"modified":"2022-06-14T16:46:10","modified_gmt":"2022-06-14T20:46:10","slug":"ecomatin-invite-au-africa-ceo-forum","status":"publish","type":"post","link":"https:\/\/linitiative.ca\/International\/ecomatin-invite-au-africa-ceo-forum\/","title":{"rendered":"EcoMatin invit\u00e9 au Africa Ceo Forum"},"content":{"rendered":"<div>\n<p>L\u2019Africa Ceo Forum, le grand-rendez vous des\u00a0 d\u00e9cideurs africains s\u2019est ouvert le 13 juin dernier \u00e0 Abidjan pour sa 8e \u00e9dition.\u00a0La c\u00e9r\u00e9monie d\u2019ouverture pr\u00e9sid\u00e9e par\u00a0Alassane Ouattara,\u00a0pr\u00e9sident de la R\u00e9publique de C\u00f4te d\u2019Ivoire a vu la participation d\u2019une dizaine de chefs d\u2019Etat et plus d\u2019une centaine de chefs d\u2019entreprises.\u00a0Au rang des invit\u00e9s, Emile Fidieck, le Directeur de la Publication du Journal EcoMatin qui a fait le d\u00e9placement du Cameroun pour la capitale ivoirienne. \u00ab\u00a0C\u2019est une reconnaissance au-del\u00e0 des fronti\u00e8res nationales que EcoMatin soit la seule presse priv\u00e9 camerounaise invit\u00e9e \u00e0 ce \u00ab\u00a0Davos Africain\u00a0\u00bb. L\u2019Africa CEO est comme vous le savez la grande messe annuelle des plus grands chefs d\u2019entreprises du continent \u00bb, explique-t-il.<\/p>\n<p>Au c\u0153ur des d\u00e9bats, la crise de la Covid-19 qui a remis en question la souverainet\u00e9 \u00e9conomique africaine dont la d\u00e9pendance ext\u00e9rieure reste sup\u00e9rieure \u00e0 celle des autres continents.\u00a0En effet, l\u2019on note qu\u2019en 2020, l\u2019Afrique a connu une baisse de 16 % des IDE (environnement de d\u00e9veloppement int\u00e9gr\u00e9) et une chute de 8,5 % de ses exportations. Depuis lors, de nombreuses voix se font entendre afin que le commerce intra-africain (15% du commerce total) et la production locale constituent l\u2019\u00e9pine dorsale de la strat\u00e9gie de croissance africaine. Apporter quelques pistes de solutions aux probl\u00e9matiques susmentionn\u00e9es devient donc une priorit\u00e9 pour Africa Ceo Forum. Ce, \u00e0 travers notamment des conf\u00e9rences d\u00e9bats dirig\u00e9es par une quarantaine de panels fut\u00e9s, des ateliers public-priv\u00e9 ainsi que des \u00e9ventualit\u00e9s pratiques\u2026\u00a0<\/p>\n<p>De plus, Africa Ceo Forum consacre une large part de ses activit\u00e9s au colloque entre d\u00e9cideurs publics et leaders du monde des affaires. En occurrence, des conf\u00e9rences \u00ab Invest In \u00bb qui donnent l\u2019occasion \u00e0 ces acteurs de dialoguer librement avec les personnes ressources sur de nombreux sujets, de l\u2019environnement des affaires aux projets d\u2019investissements public et priv\u00e9.<\/p>\n<p><strong>R\u00e9sister face aux crises<\/strong><\/p>\n<p>Les alertes se multiplient sur la s\u00e9curit\u00e9 et la stabilit\u00e9 en Afrique. L\u2019offensive russe en Ukraine, intervenue apr\u00e8s deux longues ann\u00e9es de crise sanitaire, a provoqu\u00e9 une perturbation des cha\u00eenes logistiques et des p\u00e9nuries mondiales, poussant les prix \u00e0 la hausse. Elles aggravent une situation alimentaire continentale d\u00e9j\u00e0 sous tension, cons\u00e9quence d\u2019une d\u00e9pendance excessive aux importations, de l\u2019augmentation des \u00e9pisodes climatiques extr\u00eames et d\u2019une situation s\u00e9curitaire d\u00e9grad\u00e9e, en particulier au Sahel. Conflits arm\u00e9s et ins\u00e9curit\u00e9 alimentaire s\u2019alimentant l\u2019un l\u2019autre dans un cycle infernal. Trois pr\u00e9sidents africains se r\u00e9unissent pour d\u00e9battre des moyens qui permettront de surmonter les crises alimentaires, s\u00e9curitaires et climatiques actuelles et \u00e0 venir.<\/p>\n<p>L\u2019article <a rel=\"nofollow\" href=\"https:\/\/ecomatin.net\/ecomatin-invite-au-africa-ceo-forum\/\">EcoMatin invit\u00e9 au Africa Ceo Forum<\/a> est apparu en premier sur <a rel=\"nofollow\" href=\"https:\/\/ecomatin.net\/\">EcoMatin<\/a>.<\/p>\n<\/div>\n<p>Auteur: Mairamou Abdou<br \/>\n<a href=\"https:\/\/ecomatin.net\/ecomatin-invite-au-africa-ceo-forum\/\">Cliquez ici pour lire l&rsquo;article depuis sa source.<\/a><\/p>\n","protected":false},"excerpt":{"rendered":"<p>L\u2019Africa Ceo Forum, le grand-rendez vous des\u00a0 d\u00e9cideurs africains s\u2019est ouvert le 13 juin dernier \u00e0 Abidjan pour sa 8e \u00e9dition.\u00a0La c\u00e9r\u00e9monie d\u2019ouverture pr\u00e9sid\u00e9e par\u00a0Alassane Ouattara,\u00a0pr\u00e9sident de la R\u00e9publique de C\u00f4te d\u2019Ivoire a vu la participation d\u2019une dizaine de chefs d\u2019Etat et plus d\u2019une centaine de chefs d\u2019entreprises.\u00a0Au rang des invit\u00e9s, Emile Fidieck, le Directeur [&hellip;]<\/p>\n","protected":false},"author":1969,"featured_media":0,"comment_status":"closed","ping_status":"closed","sticky":false,"template":"","format":"standard","meta":{"fifu_image_url":"","fifu_image_alt":"","footnotes":""},"categories":[82,78],"tags":[],"class_list":["post-150179","post","type-post","status-publish","format-standard","hentry","category-cameroun","category-economie"],"_links":{"self":[{"href":"https:\/\/linitiative.ca\/International\/wp-json\/wp\/v2\/posts\/150179","targetHints":{"allow":["GET"]}}],"collection":[{"href":"https:\/\/linitiative.ca\/International\/wp-json\/wp\/v2\/posts"}],"about":[{"href":"https:\/\/linitiative.ca\/International\/wp-json\/wp\/v2\/types\/post"}],"author":[{"embeddable":true,"href":"https:\/\/linitiative.ca\/International\/wp-json\/wp\/v2\/users\/1969"}],"replies":[{"embeddable":true,"href":"https:\/\/linitiative.ca\/International\/wp-json\/wp\/v2\/comments?post=150179"}],"version-history":[{"count":0,"href":"https:\/\/linitiative.ca\/International\/wp-json\/wp\/v2\/posts\/150179\/revisions"}],"wp:attachment":[{"href":"https:\/\/linitiative.ca\/International\/wp-json\/wp\/v2\/media?parent=150179"}],"wp:term":[{"taxonomy":"category","embeddable":true,"href":"https:\/\/linitiative.ca\/International\/wp-json\/wp\/v2\/categories?post=150179"},{"taxonomy":"post_tag","embeddable":true,"href":"https:\/\/linitiative.ca\/International\/wp-json\/wp\/v2\/tags?post=150179"}],"curies":[{"name":"wp","href":"https:\/\/api.w.org\/{rel}","templated":true}]}}