{"id":15018,"date":"2019-02-17T11:50:05","date_gmt":"2019-02-17T16:50:05","guid":{"rendered":"https:\/\/linitiative.ca\/International\/liran-lance-un-sous-marin-capable-de-tirer-des-missiles-de-croisiere\/"},"modified":"2019-02-17T11:50:05","modified_gmt":"2019-02-17T16:50:05","slug":"liran-lance-un-sous-marin-capable-de-tirer-des-missiles-de-croisiere","status":"publish","type":"post","link":"https:\/\/linitiative.ca\/International\/liran-lance-un-sous-marin-capable-de-tirer-des-missiles-de-croisiere\/","title":{"rendered":"L\u2019Iran lance un sous-marin capable de tirer des missiles de croisi\u00e8re"},"content":{"rendered":"<div readability=\"32\">\n<p>Publi\u00e9 le 17.02.2019 \u00e0 17h50 par AFP<\/p>\n<\/div>\n<div readability=\"88\">\n<p>L\u2019Iran a inaugur\u00e9 dimanche un sous-marin capable de tirer des missiles de croisi\u00e8re, r\u00e9affirmant ainsi sa volont\u00e9 d\u2019autonomie en mati\u00e8re de d\u00e9fense dans un contexte de tensions avec les Etats-Unis, a rapport\u00e9 la t\u00e9l\u00e9vision d\u2019Etat.<\/p>\n<p>\u00ab\u00a0Aujourd\u2019hui, la R\u00e9publique islamique devient compl\u00e8tement autosuffisante sur terre, dans les airs et sur la mer\u00a0\u00bb, a d\u00e9clar\u00e9 le pr\u00e9sident iranien Hassan Rohani au cours d\u2019une c\u00e9r\u00e9monie dans le port de Bandar-Abbas (sud), \u00e0 laquelle ont assist\u00e9 des hauts grad\u00e9s de l\u2019arm\u00e9e et des membres du gouvernement.<\/p>\n<p>\u00ab\u00a0Notre puissance d\u00e9fensive est destin\u00e9e \u00e0 d\u00e9fendre nos int\u00e9r\u00eats et nous n\u2019avons jamais cherch\u00e9 \u00e0 attaquer aucun pays\u00a0\u00bb, a-t-il ajout\u00e9, pr\u00e9cisant que l\u2019Iran n\u2019aurait pas la m\u00eame volont\u00e9 \u00ab\u00a0d\u2019industrialisation en mati\u00e8re de d\u00e9fense\u00a0\u00bb si le pays pouvait simplement acheter \u00e0 d\u2019autres les armes dont il a besoin.<\/p>\n<p>Selon lui, \u00ab\u00a0la pression des ennemis, la guerre (entre l\u2019Iran et l\u2019Irak, de 1980 \u00e0 88) et les sanctions\u00a0\u00bb ont pouss\u00e9 l\u2019Iran \u00e0 devenir autosuffisant en mati\u00e8re de d\u00e9fense.<\/p>\n<p>Washington a fait de l\u2019Iran son principal ennemi et a adopt\u00e9 des sanctions \u00e9conomiques draconiennes apr\u00e8s s\u2019\u00eatre retir\u00e9 en 2018 de l\u2019accord sur le nucl\u00e9aire iranien jug\u00e9 trop laxiste par Donald Trump.<\/p>\n<p><ins data-revive-zoneid=\"9\" data-revive-id=\"10111e19d28d19d031742ee3b0b33eb0\"\/> <\/p>\n<p>Le sous-marin, nomm\u00e9 Fateh (\u00ab\u00a0Le conqu\u00e9rant\u00a0\u00bb en farsi), est le premier submersible \u00ab\u00a0semi-lourd\u00a0\u00bb de la flotte iranienne, un mod\u00e8le entre les sous-marins de poche de type Ghadir et ceux de la classe \u00ab\u00a0kilo\u00a0\u00bb qu\u2019utilise d\u00e9j\u00e0 l\u2019arm\u00e9e du pays, d\u2019apr\u00e8s l\u2019agence de presse Fars.<\/p>\n<p>Le vaisseau, qui p\u00e8se pr\u00e8s de 600 tonnes, peut tirer des missiles de croisi\u00e8re \u2013d\u2019une port\u00e9e non pr\u00e9cis\u00e9e\u2013 mais aussi des torpilles et des mines marines. Il peut op\u00e9rer \u00e0 plus de 200 m\u00e8tres en dessous du niveau de la mer avec une autonomie de 35 jours.<\/p>\n<p>Les programmes balistiques de la R\u00e9publique islamique inqui\u00e8tent les Occidentaux qui accusent l\u2019Iran de vouloir augmenter la port\u00e9e de ses missiles et de d\u00e9stabiliser le Moyen-Orient, et Isra\u00ebl, ennemi jur\u00e9 de T\u00e9h\u00e9ran. Certains g\u00e9n\u00e9raux iraniens affirment r\u00e9guli\u00e8rement souhaiter la destruction de l\u2019Etat h\u00e9breu.<\/p>\n<p>L\u2019Iran r\u00e9p\u00e8te que ses programmes de missiles r\u00e9pondent \u00e0 une question de s\u00e9curit\u00e9 nationale, qu\u2019ils n\u2019ont qu\u2019un but d\u00e9fensif et que cette question n\u2019est pas n\u00e9gociable.<\/p>\n<\/div>\n<p>Auteur: AFP<br \/>\n<a href=\"https:\/\/www.journalducameroun.com\/liran-lance-un-sous-marin-capable-de-tirer-des-missiles-de-croisiere\/\">Cliquez ici pour lire l&rsquo;article depuis sa source.<\/a><\/p>\n","protected":false},"excerpt":{"rendered":"<p>Publi\u00e9 le 17.02.2019 \u00e0 17h50 par AFP L\u2019Iran a inaugur\u00e9 dimanche un sous-marin capable de tirer des missiles de croisi\u00e8re, r\u00e9affirmant ainsi sa volont\u00e9 d\u2019autonomie en mati\u00e8re de d\u00e9fense dans un contexte de tensions avec les Etats-Unis, a rapport\u00e9 la t\u00e9l\u00e9vision d\u2019Etat. \u00ab\u00a0Aujourd\u2019hui, la R\u00e9publique islamique devient compl\u00e8tement autosuffisante sur terre, dans les airs et [&hellip;]<\/p>\n","protected":false},"author":1965,"featured_media":0,"comment_status":"closed","ping_status":"closed","sticky":false,"template":"","format":"standard","meta":{"fifu_image_url":"","fifu_image_alt":"","footnotes":""},"categories":[73,82],"tags":[],"class_list":["post-15018","post","type-post","status-publish","format-standard","hentry","category-actualite","category-cameroun"],"_links":{"self":[{"href":"https:\/\/linitiative.ca\/International\/wp-json\/wp\/v2\/posts\/15018","targetHints":{"allow":["GET"]}}],"collection":[{"href":"https:\/\/linitiative.ca\/International\/wp-json\/wp\/v2\/posts"}],"about":[{"href":"https:\/\/linitiative.ca\/International\/wp-json\/wp\/v2\/types\/post"}],"author":[{"embeddable":true,"href":"https:\/\/linitiative.ca\/International\/wp-json\/wp\/v2\/users\/1965"}],"replies":[{"embeddable":true,"href":"https:\/\/linitiative.ca\/International\/wp-json\/wp\/v2\/comments?post=15018"}],"version-history":[{"count":0,"href":"https:\/\/linitiative.ca\/International\/wp-json\/wp\/v2\/posts\/15018\/revisions"}],"wp:attachment":[{"href":"https:\/\/linitiative.ca\/International\/wp-json\/wp\/v2\/media?parent=15018"}],"wp:term":[{"taxonomy":"category","embeddable":true,"href":"https:\/\/linitiative.ca\/International\/wp-json\/wp\/v2\/categories?post=15018"},{"taxonomy":"post_tag","embeddable":true,"href":"https:\/\/linitiative.ca\/International\/wp-json\/wp\/v2\/tags?post=15018"}],"curies":[{"name":"wp","href":"https:\/\/api.w.org\/{rel}","templated":true}]}}