{"id":150189,"date":"2022-06-15T09:52:52","date_gmt":"2022-06-15T13:52:52","guid":{"rendered":"https:\/\/linitiative.ca\/International\/ue-un-pas-de-plus-vers-la-fin-des-voitures-neuves-a-combustion-en-2035\/"},"modified":"2022-06-15T09:52:52","modified_gmt":"2022-06-15T13:52:52","slug":"ue-un-pas-de-plus-vers-la-fin-des-voitures-neuves-a-combustion-en-2035","status":"publish","type":"post","link":"https:\/\/linitiative.ca\/International\/ue-un-pas-de-plus-vers-la-fin-des-voitures-neuves-a-combustion-en-2035\/","title":{"rendered":"UE : Un pas de plus vers la fin des  voitures neuves \u00e0 combustion en 2035"},"content":{"rendered":"<div>\n<p><img decoding=\"async\" width=\"300\" height=\"153\" src=\"https:\/\/linitiative.ca\/International\/wp-content\/uploads\/sites\/23\/2022\/06\/UE-Un-pas-de-plus-vers-la-fin-des-voitures-neuves-a-combustion-en-2035-300x153-1.png\" class=\"attachment-medium size-medium wp-post-image\" alt=\"\" loading=\"lazy\" srcset=\"https:\/\/linitiative.ca\/International\/wp-content\/uploads\/sites\/23\/2022\/06\/UE-Un-pas-de-plus-vers-la-fin-des-voitures-neuves-a-combustion-en-2035-300x153-1.png 300w, https:\/\/aujourdhui.ma\/wp-content\/uploads\/2022\/06\/UE-Un-pas-de-plus-vers-la-fin-des-voitures-neuves-a-combustion-en-2035-274x140.png 274w, https:\/\/aujourdhui.ma\/wp-content\/uploads\/2022\/06\/UE-Un-pas-de-plus-vers-la-fin-des-voitures-neuves-a-combustion-en-2035.png 746w, https:\/\/aujourdhui.ma\/wp-content\/uploads\/2022\/06\/UE-Un-pas-de-plus-vers-la-fin-des-voitures-neuves-a-combustion-en-2035-165x84.png 165w, https:\/\/aujourdhui.ma\/wp-content\/uploads\/2022\/06\/UE-Un-pas-de-plus-vers-la-fin-des-voitures-neuves-a-combustion-en-2035-702x358.png 702w\" sizes=\"auto, (max-width: 300px) 100vw, 300px\"><\/p>\n<p><span style=\"color: #800000;\"><strong>Le Parlement europ\u00e9en a valid\u00e9, mercredi dernier \u00e0 Strasbourg, sa position de n\u00e9gociation au sujet de l\u2019avenir du parc automobile europ\u00e9en, en termes de normes d\u2019\u00e9missions de CO2, se pronon\u00e7ant en faveur d\u2019une interdiction, d\u00e8s 2035, de la vente de voitures et utilitaires l\u00e9gers neufs \u00e0 moteur \u00e0 combustion interne.<\/strong><\/span><span id=\"more-410729\"><\/span><\/p>\n<p>Une norme interm\u00e9diaire est toutefois propos\u00e9e pour 2030, en l\u2019occurrence la r\u00e9duction de 55% des \u00e9missions par rapport \u00e0 l\u2019ann\u00e9e de r\u00e9f\u00e9rence 2021 pour les voitures neuves mises sur le march\u00e9, et de 50% pour les camionnettes. Pour le rapporteur du texte, le N\u00e9erlandais Jan Huitema du groupe Renew (lib\u00e9raux), \u00abavec ces normes, nous apportons de la clart\u00e9 pour l\u2019industrie automobile et stimulons l\u2019innovation et les investissements pour les constructeurs automobiles. En outre, il reviendra moins cher pour les consommateurs d\u2019acqu\u00e9rir et de conduire des v\u00e9hicules \u00e0 \u00e9mission nulle\u00bb.<\/p>\n<p>Le transport routier contribue pour plus de 20% aux \u00e9missions de gaz \u00e0 effet de serre de l\u2019Union, selon des chiffres 2019 repris dans le texte, principalement via les voitures et v\u00e9hicules utilitaires l\u00e9gers (70% des \u00e9missions du transport routier). Le Parlement europ\u00e9en avait connu en d\u00e9but d\u2019apr\u00e8s-midi une s\u00e9ance de votes chaotique, qui a chamboul\u00e9 une partie des propositions l\u00e9gislatives autour des ambitions climatiques 2030 de l\u2019UE.<\/p>\n<\/div>\n<p>Auteur: ALM<br \/>\n<a href=\"https:\/\/aujourdhui.ma\/automobile\/ue-un-pas-de-plus-vers-la-fin-des-voitures-neuves-a-combustion-en-2035\">Cliquez ici pour lire l&rsquo;article depuis sa source.<\/a><\/p>\n","protected":false},"excerpt":{"rendered":"<p>Le Parlement europ\u00e9en a valid\u00e9, mercredi dernier \u00e0 Strasbourg, sa position de n\u00e9gociation au sujet de l\u2019avenir du parc automobile europ\u00e9en, en termes de normes d\u2019\u00e9missions de CO2, se pronon\u00e7ant en faveur d\u2019une interdiction, d\u00e8s 2035, de la vente de voitures et utilitaires l\u00e9gers neufs \u00e0 moteur \u00e0 combustion interne. Une norme interm\u00e9diaire est toutefois [&hellip;]<\/p>\n","protected":false},"author":1759,"featured_media":0,"comment_status":"closed","ping_status":"closed","sticky":false,"template":"","format":"standard","meta":{"fifu_image_url":"https:\/\/aujourdhui.ma\/wp-content\/uploads\/2022\/06\/UE-Un-pas-de-plus-vers-la-fin-des-voitures-neuves-a-combustion-en-2035-300x153.png","fifu_image_alt":"UE : Un pas de plus vers la fin des  voitures neuves \u00e0 combustion en 2035","footnotes":""},"categories":[73,54],"tags":[],"class_list":["post-150189","post","type-post","status-publish","format-standard","hentry","category-actualite","category-maroc"],"_links":{"self":[{"href":"https:\/\/linitiative.ca\/International\/wp-json\/wp\/v2\/posts\/150189","targetHints":{"allow":["GET"]}}],"collection":[{"href":"https:\/\/linitiative.ca\/International\/wp-json\/wp\/v2\/posts"}],"about":[{"href":"https:\/\/linitiative.ca\/International\/wp-json\/wp\/v2\/types\/post"}],"author":[{"embeddable":true,"href":"https:\/\/linitiative.ca\/International\/wp-json\/wp\/v2\/users\/1759"}],"replies":[{"embeddable":true,"href":"https:\/\/linitiative.ca\/International\/wp-json\/wp\/v2\/comments?post=150189"}],"version-history":[{"count":0,"href":"https:\/\/linitiative.ca\/International\/wp-json\/wp\/v2\/posts\/150189\/revisions"}],"wp:attachment":[{"href":"https:\/\/linitiative.ca\/International\/wp-json\/wp\/v2\/media?parent=150189"}],"wp:term":[{"taxonomy":"category","embeddable":true,"href":"https:\/\/linitiative.ca\/International\/wp-json\/wp\/v2\/categories?post=150189"},{"taxonomy":"post_tag","embeddable":true,"href":"https:\/\/linitiative.ca\/International\/wp-json\/wp\/v2\/tags?post=150189"}],"curies":[{"name":"wp","href":"https:\/\/api.w.org\/{rel}","templated":true}]}}