{"id":15019,"date":"2019-02-17T11:50:06","date_gmt":"2019-02-17T16:50:06","guid":{"rendered":"https:\/\/linitiative.ca\/International\/soudan-un-commercant-meurt-apres-avoir-inhale-des-gaz-lacrymogenes\/"},"modified":"2019-02-17T11:50:06","modified_gmt":"2019-02-17T16:50:06","slug":"soudan-un-commercant-meurt-apres-avoir-inhale-des-gaz-lacrymogenes","status":"publish","type":"post","link":"https:\/\/linitiative.ca\/International\/soudan-un-commercant-meurt-apres-avoir-inhale-des-gaz-lacrymogenes\/","title":{"rendered":"Soudan: un commer\u00e7ant meurt apr\u00e8s avoir inhal\u00e9 des gaz lacrymog\u00e8nes"},"content":{"rendered":"<div readability=\"32\">\n<p>Publi\u00e9 le 17.02.2019 \u00e0 17h50 par AFP<\/p>\n<\/div>\n<div readability=\"77\">\n<p>Un vendeur de fruit soudanais est mort dimanche dans un h\u00f4pital de Khartoum apr\u00e8s avoir inhal\u00e9 des gaz lacrymog\u00e8ne tir\u00e9s par les forces anti-\u00e9meutes lors de manifestations, selon ses proches et un comit\u00e9 de m\u00e9decins li\u00e9 au mouvement de contestation antigouvernemental.<\/p>\n<p>\u00ab\u00a0Il a \u00e9t\u00e9 amen\u00e9 \u00e0 l\u2019h\u00f4pital mais les m\u00e9decins n\u2019ont pas pu le sauver. Il est mort des suites de l\u2019inhalation de gaz lacrymog\u00e8ne\u00a0\u00bb a indiqu\u00e9 un m\u00e9decin qui a requis l\u2019anonymat pour des raisons de s\u00e9curit\u00e9.<\/p>\n<p>Une foule de manifestants s\u2019est rassembl\u00e9e \u00e0 Khartoum dans le quartier de Bahari (nord) en scandant \u00ab\u00a0Libert\u00e9, paix et justice\u00a0\u00bb, principal slogan de la contestation, mais a rapidement d\u00fb faire face aux forces anti\u00e9meutes qui ont tir\u00e9 des gaz lacrymog\u00e8nes, ont rapport\u00e9 des t\u00e9moins.<\/p>\n<p>Pays en plein marasme \u00e9conomique, le Soudan est secou\u00e9 par des manifestations d\u00e9clench\u00e9es le 19 d\u00e9cembre par la d\u00e9cision du gouvernement de tripler le prix du pain. Les rassemblements se sont transform\u00e9s en mouvement de protestation pour demander la d\u00e9mission du pr\u00e9sident Omar el-B\u00e9chir, au pouvoir depuis 1989 apr\u00e8s un coup d\u2019Etat soutenu par les islamistes.<\/p>\n<p>\u00ab\u00a0Nous n\u2019abandonnerons pas. Nous continuerons de protester\u00a0\u00bb, a affirm\u00e9 Afra, une jeune manifestante qui n\u2019a pas souhait\u00e9 donner son nom pour des raisons de s\u00e9curit\u00e9. \u00ab\u00a0En continuant les manifestations, de plus en plus de personnes se joindront \u00e0 nous.\u00a0\u00bb<\/p>\n<p><ins data-revive-zoneid=\"9\" data-revive-id=\"10111e19d28d19d031742ee3b0b33eb0\"\/> <\/p>\n<p>Selon des t\u00e9moins, des rassemblements ont \u00e9galement eu lieu dans d\u2019autres quartiers de la capitale et plusieurs manifestants ont \u00e9t\u00e9 arr\u00eat\u00e9s par la police.<\/p>\n<p>Selon un bilan officiel, 31 personnes sont mortes lors de ce mouvement de contestation. L\u2019organisation de d\u00e9fense des droits humains Human Rights Watch (HRW) fait \u00e9tat de 51 morts.<\/p>\n<p>Depuis le d\u00e9but des troubles, Omar el-B\u00e9chir a exclu de d\u00e9missionner et imput\u00e9 les violences lors des manifestations \u00e0 des \u00ab\u00a0conspirateurs\u00a0\u00bb.<\/p>\n<p>Mi-janvier il avait affirm\u00e9 que la seule voie vers le pouvoir \u00e9tait celle des urnes. La prochaine \u00e9lection pr\u00e9sidentielle devrait avoir lieu en 2020 et M. B\u00e9chir envisage de briguer un troisi\u00e8me mandat.<\/p>\n<\/div>\n<p>Auteur: AFP<br \/>\n<a href=\"https:\/\/www.journalducameroun.com\/soudan-un-commercant-meurt-apres-avoir-inhale-des-gaz-lacrymogenes\/\">Cliquez ici pour lire l&rsquo;article depuis sa source.<\/a><\/p>\n","protected":false},"excerpt":{"rendered":"<p>Publi\u00e9 le 17.02.2019 \u00e0 17h50 par AFP Un vendeur de fruit soudanais est mort dimanche dans un h\u00f4pital de Khartoum apr\u00e8s avoir inhal\u00e9 des gaz lacrymog\u00e8ne tir\u00e9s par les forces anti-\u00e9meutes lors de manifestations, selon ses proches et un comit\u00e9 de m\u00e9decins li\u00e9 au mouvement de contestation antigouvernemental. \u00ab\u00a0Il a \u00e9t\u00e9 amen\u00e9 \u00e0 l\u2019h\u00f4pital mais [&hellip;]<\/p>\n","protected":false},"author":1965,"featured_media":0,"comment_status":"closed","ping_status":"closed","sticky":false,"template":"","format":"standard","meta":{"fifu_image_url":"","fifu_image_alt":"","footnotes":""},"categories":[73,82],"tags":[],"class_list":["post-15019","post","type-post","status-publish","format-standard","hentry","category-actualite","category-cameroun"],"_links":{"self":[{"href":"https:\/\/linitiative.ca\/International\/wp-json\/wp\/v2\/posts\/15019","targetHints":{"allow":["GET"]}}],"collection":[{"href":"https:\/\/linitiative.ca\/International\/wp-json\/wp\/v2\/posts"}],"about":[{"href":"https:\/\/linitiative.ca\/International\/wp-json\/wp\/v2\/types\/post"}],"author":[{"embeddable":true,"href":"https:\/\/linitiative.ca\/International\/wp-json\/wp\/v2\/users\/1965"}],"replies":[{"embeddable":true,"href":"https:\/\/linitiative.ca\/International\/wp-json\/wp\/v2\/comments?post=15019"}],"version-history":[{"count":0,"href":"https:\/\/linitiative.ca\/International\/wp-json\/wp\/v2\/posts\/15019\/revisions"}],"wp:attachment":[{"href":"https:\/\/linitiative.ca\/International\/wp-json\/wp\/v2\/media?parent=15019"}],"wp:term":[{"taxonomy":"category","embeddable":true,"href":"https:\/\/linitiative.ca\/International\/wp-json\/wp\/v2\/categories?post=15019"},{"taxonomy":"post_tag","embeddable":true,"href":"https:\/\/linitiative.ca\/International\/wp-json\/wp\/v2\/tags?post=15019"}],"curies":[{"name":"wp","href":"https:\/\/api.w.org\/{rel}","templated":true}]}}