{"id":15020,"date":"2019-02-17T12:50:01","date_gmt":"2019-02-17T17:50:01","guid":{"rendered":"https:\/\/linitiative.ca\/International\/une-britannique-de-lei-reclame-de-la-compassion-pour-rentrer-avec-son-bebe\/"},"modified":"2019-02-17T12:50:01","modified_gmt":"2019-02-17T17:50:01","slug":"une-britannique-de-lei-reclame-de-la-compassion-pour-rentrer-avec-son-bebe","status":"publish","type":"post","link":"https:\/\/linitiative.ca\/International\/une-britannique-de-lei-reclame-de-la-compassion-pour-rentrer-avec-son-bebe\/","title":{"rendered":"Une Britannique de l\u2019EI r\u00e9clame de la \u00ab\u00a0compassion\u00a0\u00bb pour rentrer avec son b\u00e9b\u00e9"},"content":{"rendered":"<div readability=\"32\">\n<p>Publi\u00e9 le 17.02.2019 \u00e0 18h50 par AFP<\/p>\n<\/div>\n<div readability=\"153\">\n<p>Une jeune Britannique qui avait rejoint le groupe jihadiste Etat islamique (EI) en Syrie en 2015, actuellement cantonn\u00e9e dans un camp de r\u00e9fugi\u00e9s o\u00f9 elle vient d\u2019accoucher, a r\u00e9clam\u00e9 dimanche de la \u00ab\u00a0compassion\u00a0\u00bb afin de rentrer au Royaume-Uni avec son b\u00e9b\u00e9.<\/p>\n<p>Son cas illustre le dilemme auquel sont confront\u00e9s plusieurs gouvernements europ\u00e9ens, entre interdire le retour des ressortissants jihadistes pour des questions de s\u00e9curit\u00e9, ou leur permettre de revenir pour les traduire en justice.<\/p>\n<p>\u00ab\u00a0Je viens d\u2019accoucher, donc je suis vraiment fatigu\u00e9e\u00a0\u00bb, a confi\u00e9 Shamima Begum \u00e0 la cha\u00eene de t\u00e9l\u00e9vision Sky News. Il s\u2019agit du troisi\u00e8me enfant auquel donne naissance la jeune femme de 19 ans, originaire de Londres, depuis son d\u00e9part vers la Syrie. Ses deux premiers b\u00e9b\u00e9s sont morts de maladie et de malnutrition.<\/p>\n<p>Shamima Begum a une nouvelle fois confi\u00e9 son intention de revenir au Royaume-Uni. \u00ab\u00a0Apr\u00e8s la mort de mon (autre) fils, j\u2019ai r\u00e9alis\u00e9 qu\u2019il fallait que je parte, pour le bien de mes enfants\u00a0\u00bb. Elle a dit craindre que son b\u00e9b\u00e9 \u00ab\u00a0meure dans le camp\u00a0\u00bb de r\u00e9fugi\u00e9s d\u2019Al-Hol, dans le nord-est de la Syrie, o\u00f9 elle se trouve actuellement.<\/p>\n<p>\u00ab\u00a0Je pense que les gens devraient avoir de la compassion pour moi, pour tout ce que j\u2019ai v\u00e9cu\u00a0\u00bb, a d\u00e9clar\u00e9 Shamima Begum. \u00ab\u00a0Je ne savais pas dans quoi je m\u2019embarquais quand je suis partie\u00a0\u00bb.<\/p>\n<p>La jeune femme a n\u00e9anmoins affirm\u00e9 qu\u2019elle ne regrettait pas d\u2019avoir rejoint la Syrie. \u00ab\u00a0Cela m\u2019a chang\u00e9e en tant que personne, cela m\u2019a rendue plus forte, plus dure. Et j\u2019ai \u00e9pous\u00e9 un homme que je n\u2019aurais jamais rencontr\u00e9 au Royaume-Uni\u00a0\u00bb.<\/p>\n<p>Interrog\u00e9 sur ce cas, le chef du service de renseignement ext\u00e9rieur britannique (MI6), Alex Younger, a estim\u00e9 cette semaine que les personnes ayant rejoint l\u2019EI \u00ab\u00a0ont probablement acquis des comp\u00e9tences et des relations qui les rendent potentiellement tr\u00e8s dangereux\u00a0\u00bb.<\/p>\n<p>Mais la jeune femme s\u2019est d\u00e9fendue de repr\u00e9senter une menace. \u00ab\u00a0J\u2019\u00e9tais juste une femme au foyer, j\u2019ai pass\u00e9 quatre ans \u00e0 la maison, j\u2019ai pris soin de mon mari, de mes enfants\u00a0\u00bb.<\/p>\n<p>\u2013 \u00ab\u00a0Assurer la s\u00e9curit\u00e9\u00a0\u00bb \u2013<\/p>\n<p>Le ministre britannique de l\u2019Int\u00e9rieur, Sajid Javid, a publi\u00e9 une tribune dans le Sunday Times intitul\u00e9e \u00ab\u00a0Si vous fuyez pour rejoindre l\u2019Etat islamique, j\u2019utiliserai tous mes pouvoirs pour vous emp\u00eacher de revenir\u00a0\u00bb.<\/p>\n<p><ins data-revive-zoneid=\"9\" data-revive-id=\"10111e19d28d19d031742ee3b0b33eb0\"\/> <\/p>\n<p>\u00ab\u00a0Ma priorit\u00e9 est d\u2019assurer la s\u00e9curit\u00e9 du pays \u2013 et je ne laisserai rien la compromettre\u00a0\u00bb, a-t-il affirm\u00e9. \u00ab\u00a0Les d\u00e9cisions que nous pouvons prendre incluent d\u2019interdire l\u2019acc\u00e8s au Royaume-Uni \u00e0 des non-Britanniques, ainsi que retirer la citoyennet\u00e9 britannique \u00e0 des individus dangereux\u00a0\u00bb.<\/p>\n<p>Il a n\u00e9anmoins soulign\u00e9 que son minist\u00e8re ne cr\u00e9erait pas d\u2019apatrides, comme interdit par la convention de New-York du 30 ao\u00fbt 1961, ratifi\u00e9e par le Royaume-Uni.<\/p>\n<p>Le ministre de la Culture, Jeremy Wright, ancien Attorney general (conseiller juridique du gouvernement), a lui soulign\u00e9 que Londres \u00e9tait \u00ab\u00a0oblig\u00e9\u00a0\u00bb d\u2019autoriser le retour des personnes n\u2019ayant pas de double nationalit\u00e9.<\/p>\n<p>\u00ab\u00a0C\u2019est une question de droit international\u00a0\u00bb, a-t-il d\u00e9clar\u00e9 \u00e0 la BBC. \u00ab\u00a0Nous devons nous pr\u00e9occuper de la sant\u00e9 de ce b\u00e9b\u00e9\u00a0\u00bb, et de celle de Shamima Begum, a-t-il ajout\u00e9. \u00ab\u00a0Mais elle devra r\u00e9pondre de ses actes\u00a0\u00bb.<\/p>\n<p>\u2013 \u00ab\u00a0Droit fondamental de revenir\u00a0\u00bb \u2013<\/p>\n<p>Samedi, le pr\u00e9sident am\u00e9ricain Donald Trump a appel\u00e9 les pays europ\u00e9ens, au premier rang desquels le Royaume-Uni, ainsi que la France et l\u2019Allemagne, \u00e0 \u00ab\u00a0reprendre plus de 800 combattants de l\u2019EI\u00a0\u00bb captur\u00e9s en Syrie \u00ab\u00a0afin de les traduire en justice\u00a0\u00bb.<\/p>\n<p>En France, le secr\u00e9taire d\u2019Etat \u00e0 l\u2019Int\u00e9rieur, Laurent Nunez, a d\u00e9clar\u00e9 dimanche \u00ab\u00a0avoir la faiblesse de consid\u00e9rer que ces gens-l\u00e0 doivent \u00eatre jug\u00e9s l\u00e0 o\u00f9 ils ont commis leurs exactions\u00a0\u00bb. Il a annonc\u00e9 que la France avait d\u00e9j\u00e0 \u00ab\u00a0accueilli pr\u00e8s de 270 adultes\u00a0\u00bb de retour de Syrie depuis le d\u00e9but du conflit.<\/p>\n<p>A Berlin, une source au sein du minist\u00e8re allemand des Affaires \u00e9trang\u00e8res a soulign\u00e9 que \u00ab\u00a0tous les citoyens allemands ont le droit fondamental de revenir en Allemagne\u00a0\u00bb. Elle a ajout\u00e9 que le gouvernement \u00ab\u00a0\u00e9tudie les options\u00a0\u00bb pour permettre \u00e0 ses ressortissants de quitter la Syrie, \u00ab\u00a0particuli\u00e8rement pour les cas humanitaires\u00a0\u00bb.<\/p>\n<p>Le ministre belge de la Justice, Koen Geens, a lui appel\u00e9 a la mise en place d\u2019une \u00ab\u00a0solution europ\u00e9enne\u00a0\u00bb, pr\u00e9cisant que Bruxelles \u00e9tait \u00ab\u00a0en contact avec Paris, La Haye et Londres pour \u00e9laborer une position collective.<\/p>\n<\/div>\n<p>Auteur: AFP<br \/>\n<a href=\"https:\/\/www.journalducameroun.com\/une-britannique-de-lei-reclame-de-la-compassion-pour-rentrer-avec-son-bebe\/\">Cliquez ici pour lire l&rsquo;article depuis sa source.<\/a><\/p>\n","protected":false},"excerpt":{"rendered":"<p>Publi\u00e9 le 17.02.2019 \u00e0 18h50 par AFP Une jeune Britannique qui avait rejoint le groupe jihadiste Etat islamique (EI) en Syrie en 2015, actuellement cantonn\u00e9e dans un camp de r\u00e9fugi\u00e9s o\u00f9 elle vient d\u2019accoucher, a r\u00e9clam\u00e9 dimanche de la \u00ab\u00a0compassion\u00a0\u00bb afin de rentrer au Royaume-Uni avec son b\u00e9b\u00e9. Son cas illustre le dilemme auquel sont [&hellip;]<\/p>\n","protected":false},"author":1965,"featured_media":0,"comment_status":"closed","ping_status":"closed","sticky":false,"template":"","format":"standard","meta":{"fifu_image_url":"","fifu_image_alt":"","footnotes":""},"categories":[73,82],"tags":[],"class_list":["post-15020","post","type-post","status-publish","format-standard","hentry","category-actualite","category-cameroun"],"_links":{"self":[{"href":"https:\/\/linitiative.ca\/International\/wp-json\/wp\/v2\/posts\/15020","targetHints":{"allow":["GET"]}}],"collection":[{"href":"https:\/\/linitiative.ca\/International\/wp-json\/wp\/v2\/posts"}],"about":[{"href":"https:\/\/linitiative.ca\/International\/wp-json\/wp\/v2\/types\/post"}],"author":[{"embeddable":true,"href":"https:\/\/linitiative.ca\/International\/wp-json\/wp\/v2\/users\/1965"}],"replies":[{"embeddable":true,"href":"https:\/\/linitiative.ca\/International\/wp-json\/wp\/v2\/comments?post=15020"}],"version-history":[{"count":0,"href":"https:\/\/linitiative.ca\/International\/wp-json\/wp\/v2\/posts\/15020\/revisions"}],"wp:attachment":[{"href":"https:\/\/linitiative.ca\/International\/wp-json\/wp\/v2\/media?parent=15020"}],"wp:term":[{"taxonomy":"category","embeddable":true,"href":"https:\/\/linitiative.ca\/International\/wp-json\/wp\/v2\/categories?post=15020"},{"taxonomy":"post_tag","embeddable":true,"href":"https:\/\/linitiative.ca\/International\/wp-json\/wp\/v2\/tags?post=15020"}],"curies":[{"name":"wp","href":"https:\/\/api.w.org\/{rel}","templated":true}]}}