{"id":150206,"date":"2022-06-15T10:06:17","date_gmt":"2022-06-15T14:06:17","guid":{"rendered":"https:\/\/linitiative.ca\/International\/marrakech-safi-approbation-a-lunanimite-de-la-version-finale-du-srat\/"},"modified":"2022-06-15T10:06:17","modified_gmt":"2022-06-15T14:06:17","slug":"marrakech-safi-approbation-a-lunanimite-de-la-version-finale-du-srat","status":"publish","type":"post","link":"https:\/\/linitiative.ca\/International\/marrakech-safi-approbation-a-lunanimite-de-la-version-finale-du-srat\/","title":{"rendered":"Marrakech-Safi: Approbation \u00e0 l\u2019unanimit\u00e9 de la version finale du SRAT"},"content":{"rendered":"<div>\n<div style=\"margin-bottom:20px;\"><img loading=\"lazy\" decoding=\"async\" width=\"750\" height=\"430\" src=\"https:\/\/linitiative.ca\/International\/wp-content\/uploads\/sites\/23\/2022\/06\/rC3A9union-copier.jpg\" class=\"attachment-post-thumbnail size-post-thumbnail wp-post-image\" alt=\"\" srcset=\"https:\/\/linitiative.ca\/International\/wp-content\/uploads\/sites\/23\/2022\/06\/rC3A9union-copier.jpg 750w, https:\/\/www.mapmarrakech.ma\/map\/uploads\/2022\/06\/r\u00e9union-copier-300x172.jpg 300w\" sizes=\"auto, (max-width: 750px) 100vw, 750px\"><\/div>\n<p>Cette r\u00e9union vient en application des dispositions du d\u00e9cret fixant les proc\u00e9dures d\u2019\u00e9laboration du SRAT, son actualisation et son \u00e9valuation, et suite \u00e0 l\u2019arr\u00eat\u00e9 gubernatorial relatif \u00e0 la cr\u00e9ation de ce Comit\u00e9 ainsi que dans le cadre du processus d\u2019adoption de l\u2019\u00e9tude relative au SRAT dans cette r\u00e9gion du Royaume.<\/p>\n<p>Pr\u00e9sid\u00e9e par le wali de la r\u00e9gion Marrakech-Safi, gouverneur de la pr\u00e9fecture de Marrakech, M. Karim Kassi-Lahlou, aux c\u00f4t\u00e9s du pr\u00e9sident du Conseil R\u00e9gional, M. Samir Goudar, et en pr\u00e9sence des gouverneurs des diff\u00e9rentes provinces relevant de la r\u00e9gion, les pr\u00e9sident des conseils provinciaux, les pr\u00e9sidents des conseils \u00e9lus, ainsi que les responsables des comit\u00e9s concern\u00e9s et consultatifs relevant du Conseil r\u00e9gional, cette r\u00e9union a \u00e9t\u00e9 consacr\u00e9e \u00e0 l\u2019examen et \u00e0 la discussion de la derni\u00e8re \u00e9tape relative au SRAT.<\/p>\n<p>Intervenant \u00e0 cette occasion, M. Kassi-Lahlou s\u2019est f\u00e9licit\u00e9 de l\u2019approche participative adopt\u00e9e depuis le lancement de ce processus, relevant le r\u00f4le et la place du SRAT en tant que document de r\u00e9f\u00e9rence et proactif destin\u00e9 \u00e0 l\u2019orientation du processus de d\u00e9veloppement et \u00e0 la garantie de la convergence et l\u2019homog\u00e9n\u00e9it\u00e9 des interventions des acteurs de la r\u00e9gion.<\/p>\n<p>Dans ce cadre, il a relev\u00e9 que l\u2019\u00e9laboration et la r\u00e9alisation de ce document de r\u00e9f\u00e9rence est le fruit de la mobilisation et de l\u2019adh\u00e9sion de tous les intervenants pour la r\u00e9ussite de ce chantier, qui s\u2019inscrit dans le cadre des dispositions de la Constitution, la mise en place de la r\u00e9gionalisation et la mise en \u0153uvre des orientations du Nouveau Mod\u00e8le de D\u00e9veloppement (NMD), passant en revue les principaux contraintes et enjeux du diagnostic strat\u00e9gique territorial d\u00e9finissant les orientations strat\u00e9giques et les espaces des projets et grands projets structurants, en prenant en consid\u00e9ration les sp\u00e9cificit\u00e9s territoriales, ce qui est de nature \u00e0 ouvrir de larges perspectives pour le d\u00e9veloppement de la r\u00e9gion selon une vision fond\u00e9e sur une approche territoriale et sectorielle int\u00e9gr\u00e9e pour le renforcement de l\u2019attractivit\u00e9 des p\u00f4les englobant toutes les r\u00e9gions.<\/p>\n<p>Dans ce contexte, il a tenu \u00e0 rappeler de la contribution de l\u2019ensemble des intervenants dans l\u2019\u00e9laboration de ses fondements dont le conseil r\u00e9gional, les collectivit\u00e9s territoriales, les chambres professionnelles, les services d\u00e9centralis\u00e9s, le secteur priv\u00e9, la soci\u00e9t\u00e9 civile et les autres partenaires, avec un accompagnement remarquable de la part des universit\u00e9s pour enrichir ce projet.<\/p>\n<p>De son c\u00f4t\u00e9, M. Goudar a salu\u00e9 le soutien de la wilaya \u00e0 ce chantier important, ainsi que les efforts men\u00e9s par le groupe de travail de la r\u00e9gion et l\u2019adh\u00e9sion des gouverneurs, des acteurs et des partenaires lors du processus de l\u2019\u00e9laboration du SRAT, indiquant que le SRAT repr\u00e9sente un m\u00e9canisme permettant \u00e0 la r\u00e9gion de se doter d\u2019un document de r\u00e9f\u00e9rence et d\u2019anticipation, ce qui est de nature \u00e0 donner une nouvelle dynamique au processus du d\u00e9veloppement de la r\u00e9gion, \u00e0 travers la convergence et la coh\u00e9sion des programmes, plans et interventions des diff\u00e9rents acteurs.<\/p>\n<p>Dans ce contexte, il a indiqu\u00e9 que le SRAT a propos\u00e9 quelque 491 projets structurants, dont la majorit\u00e9 se rapporte \u00e0 la\u00a0 promotion des \u00e9nergies propres, l\u2019environnement et l\u2019am\u00e9lioration du cadre de vie ainsi que les \u00e9quipements hydrauliques, relevant que ces projets structurants sont de nature \u00e0 assurer \u00e0 la r\u00e9gion un d\u00e9veloppement int\u00e9gr\u00e9 et durable durant les 25 prochaines ann\u00e9es.<\/p>\n<p>De son c\u00f4t\u00e9, l\u2019Inspectrice R\u00e9gionale de l\u2019Am\u00e9nagement du Territoire, de l\u2019Urbanisme et de l\u2019Architecture de la R\u00e9gion Marrakech-Safi, Mme Zahra Sahi, a soulign\u00e9 que cette rencontre intervient une semaine apr\u00e8s la 2\u00e8 \u00e9tape du Dialogue Territorial pour la Co-construction des Orientations de la Politique Publique de l\u2019Am\u00e9nagement du Territoire (OPPAT) initi\u00e9 par le minist\u00e8re de l\u2019am\u00e9nagement du territoire national, de l\u2019urbanisme, de l\u2019habitat et de la politique de la ville.<\/p>\n<p>Cette derni\u00e8re \u00e9tape de l\u2019\u00e9tude relative au rapport synth\u00e9tique du SRAT repr\u00e9sente la synth\u00e8se des diff\u00e9rentes \u00e9tapes du Sch\u00e9ma et rev\u00eat une grande importance, \u00e9tant donn\u00e9 qu\u2019elle constitue une charte d\u2019am\u00e9nagement territorial et une r\u00e9f\u00e9rence de la planification strat\u00e9gique au niveau de la r\u00e9gion, a-t-elle expliqu\u00e9.<\/p>\n<p>Par la suite, le repr\u00e9sentant du Bureau d\u2019\u00e9tudes a pr\u00e9sent\u00e9 un expos\u00e9 d\u00e9taill\u00e9 sur les r\u00e9sultats du diagnostic strat\u00e9gique, les zones d\u2019impl\u00e9mentation des projets ainsi que sur les orientations strat\u00e9giques relatives \u00e0 plusieurs secteurs, tels que l\u2019\u00e9conomie, les infrastructures, les services publics, le r\u00e9seau urbain, l\u2019eau, l\u2019\u00e9nergie, le patrimoine et la culture, outre les grands projets structurants.<\/p>\n<p>Il a, de m\u00eame, mis l\u2019accent sur l\u2019importance du SRAT en tant que document constitutionnel alliant la vision de l\u2019Etat et celle de la r\u00e9gion, \u00e0 m\u00eame d\u2019attribuer aux r\u00e9gions de larges pr\u00e9rogatives, de m\u00eame qu\u2019il repr\u00e9sente un document de r\u00e9f\u00e9rence pour tous les partenaires de la r\u00e9gion, tout en demeurant un document souple et susceptible d\u2019\u00eatre actualis\u00e9.<\/p>\n<p>The post <a rel=\"nofollow\" href=\"https:\/\/www.mapmarrakech.ma\/fr\/marrakech-safi-approbation-a-lunanimite-de-la-version-finale-du-srat\/\">Marrakech-Safi: Approbation \u00e0 l\u2019unanimit\u00e9 de la version finale du SRAT<\/a> appeared first on <a rel=\"nofollow\" href=\"https:\/\/www.mapmarrakech.ma\/fr\">MapMarrakech<\/a>.<\/p>\n<\/div>\n<p>Auteur: Meriem IGASS<br \/>\n<a href=\"https:\/\/www.mapmarrakech.ma\/fr\/marrakech-safi-approbation-a-lunanimite-de-la-version-finale-du-srat\/\">Cliquez ici pour lire l&rsquo;article depuis sa source.<\/a><\/p>\n","protected":false},"excerpt":{"rendered":"<p>Cette r\u00e9union vient en application des dispositions du d\u00e9cret fixant les proc\u00e9dures d\u2019\u00e9laboration du SRAT, son actualisation et son \u00e9valuation, et suite \u00e0 l\u2019arr\u00eat\u00e9 gubernatorial relatif \u00e0 la cr\u00e9ation de ce Comit\u00e9 ainsi que dans le cadre du processus d\u2019adoption de l\u2019\u00e9tude relative au SRAT dans cette r\u00e9gion du Royaume. Pr\u00e9sid\u00e9e par le wali de [&hellip;]<\/p>\n","protected":false},"author":1788,"featured_media":0,"comment_status":"closed","ping_status":"closed","sticky":false,"template":"","format":"standard","meta":{"fifu_image_url":"https:\/\/www.mapmarrakech.ma\/map\/uploads\/2022\/06\/r\u00e9union-copier.jpg","fifu_image_alt":"Marrakech-Safi: Approbation \u00e0 l\u2019unanimit\u00e9 de la version finale du SRAT","footnotes":""},"categories":[54,76],"tags":[],"class_list":["post-150206","post","type-post","status-publish","format-standard","hentry","category-maroc","category-regions"],"_links":{"self":[{"href":"https:\/\/linitiative.ca\/International\/wp-json\/wp\/v2\/posts\/150206","targetHints":{"allow":["GET"]}}],"collection":[{"href":"https:\/\/linitiative.ca\/International\/wp-json\/wp\/v2\/posts"}],"about":[{"href":"https:\/\/linitiative.ca\/International\/wp-json\/wp\/v2\/types\/post"}],"author":[{"embeddable":true,"href":"https:\/\/linitiative.ca\/International\/wp-json\/wp\/v2\/users\/1788"}],"replies":[{"embeddable":true,"href":"https:\/\/linitiative.ca\/International\/wp-json\/wp\/v2\/comments?post=150206"}],"version-history":[{"count":0,"href":"https:\/\/linitiative.ca\/International\/wp-json\/wp\/v2\/posts\/150206\/revisions"}],"wp:attachment":[{"href":"https:\/\/linitiative.ca\/International\/wp-json\/wp\/v2\/media?parent=150206"}],"wp:term":[{"taxonomy":"category","embeddable":true,"href":"https:\/\/linitiative.ca\/International\/wp-json\/wp\/v2\/categories?post=150206"},{"taxonomy":"post_tag","embeddable":true,"href":"https:\/\/linitiative.ca\/International\/wp-json\/wp\/v2\/tags?post=150206"}],"curies":[{"name":"wp","href":"https:\/\/api.w.org\/{rel}","templated":true}]}}