{"id":150208,"date":"2022-06-15T13:12:08","date_gmt":"2022-06-15T17:12:08","guid":{"rendered":"https:\/\/linitiative.ca\/International\/ouverture-de-la-7eme-conference-internationale-sur-leducation-des-adultes\/"},"modified":"2022-06-15T13:12:08","modified_gmt":"2022-06-15T17:12:08","slug":"ouverture-de-la-7eme-conference-internationale-sur-leducation-des-adultes","status":"publish","type":"post","link":"https:\/\/linitiative.ca\/International\/ouverture-de-la-7eme-conference-internationale-sur-leducation-des-adultes\/","title":{"rendered":"Ouverture de la 7\u00e8me Conf\u00e9rence Internationale sur l\u2019Education des Adultes"},"content":{"rendered":"<div>\n<div style=\"margin-bottom:20px;\"><img loading=\"lazy\" decoding=\"async\" width=\"750\" height=\"430\" src=\"https:\/\/linitiative.ca\/International\/wp-content\/uploads\/sites\/23\/2022\/06\/confin-copier.jpg\" class=\"attachment-post-thumbnail size-post-thumbnail wp-post-image\" alt=\"\" srcset=\"https:\/\/linitiative.ca\/International\/wp-content\/uploads\/sites\/23\/2022\/06\/confin-copier.jpg 750w, https:\/\/www.mapmarrakech.ma\/map\/uploads\/2022\/06\/confin-copier-300x172.jpg 300w\" sizes=\"auto, (max-width: 750px) 100vw, 750px\"><\/div>\n<p>La c\u00e9r\u00e9monie d\u2019ouverture de cette Conf\u00e9rence internationale, dont les travaux se poursuivront jusqu\u2019au 17 juin dans la cit\u00e9 ocre, a \u00e9t\u00e9 marqu\u00e9e par un Message Royal adress\u00e9 par Sa Majest\u00e9 le Roi Mohammed VI aux participants, et dont lecture a \u00e9t\u00e9 donn\u00e9e par le Chef du Gouvernement, M. Aziz Akhannouch.<\/p>\n<p>\u00ab\u00a0En accueillant la pr\u00e9sente Conf\u00e9rence, le Royaume du Maroc r\u00e9affirme son adh\u00e9sion effective au principe d\u2019apprentissage tout au long de la vie\u00a0\u00bb, a soulign\u00e9 le Souverain dans ce Message, r\u00e9affirmant que cet engagement \u00ab\u00a0s\u2019est traduit dans les faits, par l\u2019int\u00e9gration des villes de Chefchaouen et de Bengu\u00e9rir, au r\u00e9seau mondial des villes apprenantes, ainsi que par l\u2019attribution au Maroc de la Chaire de l\u2019UNESCO\u00a0\u00bb.<\/p>\n<p>Sa Majest\u00e9 le Roi a indiqu\u00e9 que ces r\u00e9alisations ont \u00e9t\u00e9 rendues possibles gr\u00e2ce \u00e0 la cr\u00e9ation par le Royaume d\u2019un Observatoire de l\u2019apprentissage tout au long de la vie et au concours qu\u2019il a apport\u00e9 \u00e0 l\u2019\u00e9laboration des m\u00e9canismes de suivi et d\u2019\u00e9valuation des niveaux d\u2019apprentissages, en partenariat avec l\u2019Institut de l\u2019UNESCO pour l\u2019apprentissage tout au long de la vie (UIL).<\/p>\n<p>Le Souverain a, en outre, not\u00e9 que le Royaume se distingue par une forte dynamique impuls\u00e9e par les efforts concert\u00e9s de tous les acteurs des secteurs public et priv\u00e9, des universit\u00e9s, des collectivit\u00e9s territoriales, des organes de la soci\u00e9t\u00e9 civile et des partenaires internationaux qui s\u2019attachent \u00e0 mettre en \u0153uvre les politiques et les programmes d\u00e9di\u00e9s \u00e0 l\u2019apprenant adulte.<\/p>\n<p>Dans ce sens, SM le Roi a appel\u00e9 \u00e0 la cr\u00e9ation de l\u2019Institut africain pour l\u2019apprentissage tout au long de la vie, faisant savoir que cette initiative de port\u00e9e africaine vise \u00e0 renforcer la coordination et la coop\u00e9ration Sud-Sud dans le domaine de l\u2019apprentissage des adultes et de l\u2019apprentissage tout au long de la vie.<\/p>\n<p>Par ailleurs, intervenant \u00e0 cette occasion, le Directeur G\u00e9n\u00e9ral de la FAO, M. Qu Dongyu, a soulign\u00e9 l\u2019importance de l\u2019apprentissage pour adultes. Il s\u2019agit de \u00ab\u00a0la cl\u00e9 pour mieux comprendre les d\u00e9fis auxquels nous sommes confront\u00e9s et \u00eatre en mesure de les relever efficacement\u00a0\u00bb, a-t-il expliqu\u00e9.<\/p>\n<p>Dans un message par visioconf\u00e9rence, il a appel\u00e9 \u00e0 mettre en place un programme flexible d\u2019\u00e9ducation pour les populations rurales sur la base des recommandations de cette Conf\u00e9rence, qui fournira des id\u00e9es novatrices et cr\u00e9era des opportunit\u00e9s de coop\u00e9ration future.<\/p>\n<p>De son c\u00f4t\u00e9, la pr\u00e9sidente \u00e9thiopienne Sahle-Work Zewde s\u2019est f\u00e9licit\u00e9e, dans un message par visioconf\u00e9rence, de la tenue de la 7\u00e8me Conf\u00e9rence Internationale sur l\u2019Education des Adultes (CONFINTEA VII) \u00e0 Marrakech, \u00ab\u00a0l\u2019endroit o\u00f9 il faut \u00eatre pour d\u00e9fendre l\u2019\u00e9ducation \u00e0 tous les \u00e2ges\u00a0\u00bb.<\/p>\n<p>Et de poursuivre que cette rencontre a pour but de mobiliser la communaut\u00e9 internationale sur l\u2019\u00e9ducation des adultes et d\u2019informer des politiques publiques, faisant savoir qu\u2019il est temps de d\u00e9velopper une nouvelle culture de l\u2019apprentissage tout au long de la vie, afin de faire de l\u2019inclusion sociale une r\u00e9alit\u00e9 pour tous.<\/p>\n<p>Co-organis\u00e9 par le Gouvernement du Royaume du Maroc et l\u2019UNESCO, cette Conf\u00e9rence de port\u00e9e mondiale, plac\u00e9e sous le Haut Patronage de Sa Majest\u00e9 le Roi Mohammed VI, r\u00e9unit les parties prenantes du monde entier en vue de fa\u00e7onner l\u2019avenir de l\u2019apprentissage et de l\u2019\u00e9ducation des adultes au cours de la prochaine d\u00e9cennie.<\/p>\n<p>Elle constitue l\u2019occasion d\u2019examiner les politiques efficaces d\u2019apprentissage et d\u2019\u00e9ducation des adultes dans une perspective d\u2019apprentissage tout au long de la vie dans des conditions, qui contribuent \u00e0 la r\u00e9alisation des Objectifs de D\u00e9veloppement Durable (ODD) des Nations-Unies, adopt\u00e9s en 2015.<\/p>\n<p>Les participants \u00e0 cette Conf\u00e9rence \u00e9laboreront un nouveau cadre d\u2019action sur l\u2019apprentissage et l\u2019\u00e9ducation des adultes qui remplacera le cadre d\u2019action de Bel\u00e9m, adopt\u00e9 lors de la CONFINTEA VI, tenue au Br\u00e9sil, en 2009.<\/p>\n<p>La CONFINTEA VII encouragera les \u00c9tats membres de l\u2019UNESCO \u00e0 mettre en \u0153uvre des politiques, des incitations, des cadres r\u00e9glementaires, des structures et des m\u00e9canismes institutionnels pour contribuer \u00e0 une culture des droits de l\u2019Homme, \u00e0 la justice sociale, aux valeurs communes et \u00e0 la durabilit\u00e9.<\/p>\n<p>Compte tenu des progr\u00e8s constants de l\u2019intelligence artificielle, une attention particuli\u00e8re sera accord\u00e9e \u00e0 l\u2019utilisation des technologies de l\u2019information et de la communication pour promouvoir l\u2019acc\u00e8s \u00e0 l\u2019apprentissage et \u00e0 l\u2019\u00e9ducation des adultes, ainsi qu\u2019\u00e0 l\u2019inclusion.<\/p>\n<p>The post <a rel=\"nofollow\" href=\"https:\/\/www.mapmarrakech.ma\/fr\/ouverture-de-la-7eme-conference-internationale-sur-leducation-des-adultes\/\">Ouverture de la 7\u00e8me Conf\u00e9rence Internationale sur l\u2019Education des Adultes<\/a> appeared first on <a rel=\"nofollow\" href=\"https:\/\/www.mapmarrakech.ma\/fr\">MapMarrakech<\/a>.<\/p>\n<\/div>\n<p>Auteur: Meriem IGASS<br \/>\n<a href=\"https:\/\/www.mapmarrakech.ma\/fr\/ouverture-de-la-7eme-conference-internationale-sur-leducation-des-adultes\/\">Cliquez ici pour lire l&rsquo;article depuis sa source.<\/a><\/p>\n","protected":false},"excerpt":{"rendered":"<p>La c\u00e9r\u00e9monie d\u2019ouverture de cette Conf\u00e9rence internationale, dont les travaux se poursuivront jusqu\u2019au 17 juin dans la cit\u00e9 ocre, a \u00e9t\u00e9 marqu\u00e9e par un Message Royal adress\u00e9 par Sa Majest\u00e9 le Roi Mohammed VI aux participants, et dont lecture a \u00e9t\u00e9 donn\u00e9e par le Chef du Gouvernement, M. Aziz Akhannouch. \u00ab\u00a0En accueillant la pr\u00e9sente Conf\u00e9rence, [&hellip;]<\/p>\n","protected":false},"author":1788,"featured_media":0,"comment_status":"closed","ping_status":"closed","sticky":false,"template":"","format":"standard","meta":{"fifu_image_url":"https:\/\/www.mapmarrakech.ma\/map\/uploads\/2022\/06\/confin-copier.jpg","fifu_image_alt":"Ouverture de la 7\u00e8me Conf\u00e9rence Internationale sur l\u2019Education des Adultes","footnotes":""},"categories":[54,76],"tags":[],"class_list":["post-150208","post","type-post","status-publish","format-standard","hentry","category-maroc","category-regions"],"_links":{"self":[{"href":"https:\/\/linitiative.ca\/International\/wp-json\/wp\/v2\/posts\/150208","targetHints":{"allow":["GET"]}}],"collection":[{"href":"https:\/\/linitiative.ca\/International\/wp-json\/wp\/v2\/posts"}],"about":[{"href":"https:\/\/linitiative.ca\/International\/wp-json\/wp\/v2\/types\/post"}],"author":[{"embeddable":true,"href":"https:\/\/linitiative.ca\/International\/wp-json\/wp\/v2\/users\/1788"}],"replies":[{"embeddable":true,"href":"https:\/\/linitiative.ca\/International\/wp-json\/wp\/v2\/comments?post=150208"}],"version-history":[{"count":0,"href":"https:\/\/linitiative.ca\/International\/wp-json\/wp\/v2\/posts\/150208\/revisions"}],"wp:attachment":[{"href":"https:\/\/linitiative.ca\/International\/wp-json\/wp\/v2\/media?parent=150208"}],"wp:term":[{"taxonomy":"category","embeddable":true,"href":"https:\/\/linitiative.ca\/International\/wp-json\/wp\/v2\/categories?post=150208"},{"taxonomy":"post_tag","embeddable":true,"href":"https:\/\/linitiative.ca\/International\/wp-json\/wp\/v2\/tags?post=150208"}],"curies":[{"name":"wp","href":"https:\/\/api.w.org\/{rel}","templated":true}]}}