{"id":15021,"date":"2019-02-17T12:50:03","date_gmt":"2019-02-17T17:50:03","guid":{"rendered":"https:\/\/linitiative.ca\/International\/rdc-tshisekedi-parle-avec-kabila-de-la-formation-dune-coalition-gouvernementale\/"},"modified":"2019-02-17T12:50:03","modified_gmt":"2019-02-17T17:50:03","slug":"rdc-tshisekedi-parle-avec-kabila-de-la-formation-dune-coalition-gouvernementale","status":"publish","type":"post","link":"https:\/\/linitiative.ca\/International\/rdc-tshisekedi-parle-avec-kabila-de-la-formation-dune-coalition-gouvernementale\/","title":{"rendered":"RDC: Tshisekedi parle avec Kabila de la formation d\u2019une coalition gouvernementale"},"content":{"rendered":"<div readability=\"32\">\n<p>Publi\u00e9 le 17.02.2019 \u00e0 18h50 par AFP<\/p>\n<\/div>\n<div readability=\"75\">\n<p>Le pr\u00e9sident congolais F\u00e9lix Tshisekedi a conf\u00e9r\u00e9 dimanche avec son pr\u00e9decesseur, Joseph Kabila, sur la mise en place d\u2019une coalition en vue de la formation du gouvernement de la R\u00e9publique d\u00e9mocratique du Congo apr\u00e8s le scrutin du 30 d\u00e9cembre.<\/p>\n<p>\u00ab\u00a0Le pr\u00e9sident Kabila en sa qualit\u00e9 de chef de la majorit\u00e9 \u00e0 l\u2019Assembl\u00e9e nationale s\u2019est rendu aupr\u00e8s de son successeur en vue de discuter de la mise en place d\u2019une coalition gouvernementale\u00a0\u00bb, a d\u00e9clar\u00e9 \u00e0 l\u2019AFP l\u2019un de ses proches sous couvert de l\u2019anonymat.<\/p>\n<p>\u00ab\u00a0Cet \u00e9change va ouvrir la voie \u00e0 la d\u00e9signation d\u2019un informateur ou d\u2019un Premier ministre charg\u00e9 de former le gouvernement de coalition pour g\u00e9rer, ensemble, le pays\u00a0\u00bb.<\/p>\n<p>La pr\u00e9sidence congolaise n\u2019a pas fait \u00e9tat de cette rencontre pour le moment. Mais, des photos et des vid\u00e9os ont \u00e9t\u00e9 partag\u00e9es sur les r\u00e9seaux sociaux.<\/p>\n<p>Samedi, les partisans de Joseph Kabila avaient propos\u00e9 au nouveau chef de l\u2019Etat \u00ab\u00a0un partenariat responsable\u00a0\u00bb pour la gestion du pays.<\/p>\n<p><ins data-revive-zoneid=\"9\" data-revive-id=\"10111e19d28d19d031742ee3b0b33eb0\"\/> <\/p>\n<p>Les pro-Kabila, qui ont obtenu 337 des 485 si\u00e8ges aux l\u00e9gislatives du 30 d\u00e9cembre, selon les r\u00e9sultats provisoires, devront composer et diriger le futur gouvernement.<\/p>\n<p>L\u2019Union pour la d\u00e9mocratie et le progr\u00e8s social (UDPS), le parti du pr\u00e9sident Tshisekedi investi le 24 janvier, ne compte que 32 d\u00e9put\u00e9s nationaux dans la future Assembl\u00e9e nationale.<\/p>\n<p>Jusque-l\u00e0, le pr\u00e9sident n\u2019a pas d\u00e9sign\u00e9 de Premier ministre, en vue de la formation du prochain gouvernement.<\/p>\n<p>La RDC a connu sa premi\u00e8re passation pacifique du pouvoir depuis son ind\u00e9pendance le 30 juin 1960 avec la proclamation de F\u00e9lix Tshisekedi comme vainqueur de la pr\u00e9sidentielle, succ\u00e9dant \u00e0 Joseph Kabila apr\u00e8s 18 ans de pouvoir.<\/p>\n<\/div>\n<p>Auteur: AFP<br \/>\n<a href=\"https:\/\/www.journalducameroun.com\/rdc-tshisekedi-parle-avec-kabila-de-la-formation-dune-coalition-gouvernementale\/\">Cliquez ici pour lire l&rsquo;article depuis sa source.<\/a><\/p>\n","protected":false},"excerpt":{"rendered":"<p>Publi\u00e9 le 17.02.2019 \u00e0 18h50 par AFP Le pr\u00e9sident congolais F\u00e9lix Tshisekedi a conf\u00e9r\u00e9 dimanche avec son pr\u00e9decesseur, Joseph Kabila, sur la mise en place d\u2019une coalition en vue de la formation du gouvernement de la R\u00e9publique d\u00e9mocratique du Congo apr\u00e8s le scrutin du 30 d\u00e9cembre. \u00ab\u00a0Le pr\u00e9sident Kabila en sa qualit\u00e9 de chef de [&hellip;]<\/p>\n","protected":false},"author":1965,"featured_media":0,"comment_status":"closed","ping_status":"closed","sticky":false,"template":"","format":"standard","meta":{"fifu_image_url":"","fifu_image_alt":"","footnotes":""},"categories":[73,82],"tags":[],"class_list":["post-15021","post","type-post","status-publish","format-standard","hentry","category-actualite","category-cameroun"],"_links":{"self":[{"href":"https:\/\/linitiative.ca\/International\/wp-json\/wp\/v2\/posts\/15021","targetHints":{"allow":["GET"]}}],"collection":[{"href":"https:\/\/linitiative.ca\/International\/wp-json\/wp\/v2\/posts"}],"about":[{"href":"https:\/\/linitiative.ca\/International\/wp-json\/wp\/v2\/types\/post"}],"author":[{"embeddable":true,"href":"https:\/\/linitiative.ca\/International\/wp-json\/wp\/v2\/users\/1965"}],"replies":[{"embeddable":true,"href":"https:\/\/linitiative.ca\/International\/wp-json\/wp\/v2\/comments?post=15021"}],"version-history":[{"count":0,"href":"https:\/\/linitiative.ca\/International\/wp-json\/wp\/v2\/posts\/15021\/revisions"}],"wp:attachment":[{"href":"https:\/\/linitiative.ca\/International\/wp-json\/wp\/v2\/media?parent=15021"}],"wp:term":[{"taxonomy":"category","embeddable":true,"href":"https:\/\/linitiative.ca\/International\/wp-json\/wp\/v2\/categories?post=15021"},{"taxonomy":"post_tag","embeddable":true,"href":"https:\/\/linitiative.ca\/International\/wp-json\/wp\/v2\/tags?post=15021"}],"curies":[{"name":"wp","href":"https:\/\/api.w.org\/{rel}","templated":true}]}}