{"id":150210,"date":"2022-06-15T13:53:40","date_gmt":"2022-06-15T17:53:40","guid":{"rendered":"https:\/\/linitiative.ca\/International\/lunesco-salue-lengagement-renouvele-du-maroc-pour-leducation\/"},"modified":"2022-06-15T13:53:40","modified_gmt":"2022-06-15T17:53:40","slug":"lunesco-salue-lengagement-renouvele-du-maroc-pour-leducation","status":"publish","type":"post","link":"https:\/\/linitiative.ca\/International\/lunesco-salue-lengagement-renouvele-du-maroc-pour-leducation\/","title":{"rendered":"L\u2019UNESCO salue l\u2019engagement renouvel\u00e9 du Maroc pour l\u2019\u00e9ducation"},"content":{"rendered":"<div>\n<div style=\"margin-bottom:20px;\"><img loading=\"lazy\" decoding=\"async\" width=\"750\" height=\"430\" src=\"https:\/\/linitiative.ca\/International\/wp-content\/uploads\/sites\/23\/2022\/06\/audrey-copier.jpg\" class=\"attachment-post-thumbnail size-post-thumbnail wp-post-image\" alt=\"\" srcset=\"https:\/\/linitiative.ca\/International\/wp-content\/uploads\/sites\/23\/2022\/06\/audrey-copier.jpg 750w, https:\/\/www.mapmarrakech.ma\/map\/uploads\/2022\/06\/audrey-copier-300x172.jpg 300w\" sizes=\"auto, (max-width: 750px) 100vw, 750px\"><\/div>\n<p>\u00ab\u00a0En accueillant cette Conf\u00e9rence importante, le Royaume du Maroc prouve \u00e0 nouveau son engagement pour l\u2019\u00e9ducation et pour l\u2019UNESCO\u00a0\u00bb, a affirm\u00e9 Mme Azoulay qui participait via visioconf\u00e9rence, \u00e0 l\u2019ouverture des travaux de la 7\u00e8me Conf\u00e9rence Internationale sur l\u2019Education des Adultes (CONFINTEA VII), plac\u00e9e sous le th\u00e8me \u00ab\u00a0l\u2019apprentissage et l\u2019\u00e9ducation des adultes pour le d\u00e9veloppement durable : Un agenda transformateur\u00a0\u00bb.<\/p>\n<p>Cette conf\u00e9rence de port\u00e9e mondiale inscrite \u00ab\u00a0dans une longue tradition qui a connu la r\u00e9alisation de grandes avanc\u00e9es collectives\u00a0\u00bb, se propose de \u00ab\u00a0rassembler la communaut\u00e9 internationale pour faire avancer le droit \u00e0 l\u2019\u00e9ducation des adultes\u00a0\u00bb, a rappel\u00e9 Mme Azoulay, relevant que l\u2019\u00e9ducation des adultes est un \u00ab\u00a0levier indispensable pour avancer ensemble vers les objectifs de d\u00e9veloppement durable et vers la transition verte\u00a0\u00bb.<\/p>\n<p>Tout en pr\u00e9cisant, chiffres \u00e0 l\u2019appui, que plus de 770 millions d\u2019adultes et 126 millions de jeunes dans le monde ne peuvent pas lire ou \u00e9crire une phrase simple, et que les 2\/3 de ces personnes sont des femmes, Mme Azoulay a estim\u00e9 que \u00ab\u00a0tout le tissu social est menac\u00e9, ainsi que notre capacit\u00e9 \u00e0 progresser ensemble\u00a0\u00bb.<\/p>\n<p>Dans ce sens, la Directrice g\u00e9n\u00e9rale de l\u2019UNESCO a appel\u00e9 \u00e0 prolonger et \u00e0 renforcer les efforts afin d\u2019assurer la g\u00e9n\u00e9ralisation de l\u2019\u00e9ducation des adultes, mettant en exergue l\u2019importance de l\u2019\u00e9ducation \u00e0 la citoyennet\u00e9 dans le cadre de l\u2019apprentissage et de l\u2019\u00e9ducation des adultes.<\/p>\n<p>Co-organis\u00e9e par le Gouvernement du Royaume du Maroc et l\u2019UNESCO, sous le Haut Patronage de Sa Majest\u00e9 le Roi Mohammed VI, cette conf\u00e9rence de port\u00e9e mondiale r\u00e9unit les parties prenantes du monde entier en vue de fa\u00e7onner l\u2019avenir de l\u2019apprentissage et de l\u2019\u00e9ducation des adultes au cours de la prochaine d\u00e9cennie.<\/p>\n<p>Elle constitue l\u2019occasion d\u2019examiner les politiques efficaces d\u2019apprentissage et d\u2019\u00e9ducation des adultes dans une perspective d\u2019apprentissage tout au long de la vie dans des conditions, qui contribuent \u00e0 la r\u00e9alisation des Objectifs de D\u00e9veloppement Durable (ODD) des Nations-Unies, adopt\u00e9s en 2015.<\/p>\n<p>A noter que la c\u00e9r\u00e9monie d\u2019ouverture de cette conf\u00e9rence a \u00e9t\u00e9 marqu\u00e9e par un Message Royal adress\u00e9 par Sa Majest\u00e9 le Roi Mohammed VI aux participants et dont, lecture a \u00e9t\u00e9 donn\u00e9e par le Chef du Gouvernement, M. Aziz Akhannouch.<\/p>\n<p>The post <a rel=\"nofollow\" href=\"https:\/\/www.mapmarrakech.ma\/fr\/lunesco-salue-lengagement-renouvele-du-maroc-pour-leducation\/\">L\u2019UNESCO salue l\u2019engagement renouvel\u00e9 du Maroc pour l\u2019\u00e9ducation<\/a> appeared first on <a rel=\"nofollow\" href=\"https:\/\/www.mapmarrakech.ma\/fr\">MapMarrakech<\/a>.<\/p>\n<\/div>\n<p>Auteur: Meriem IGASS<br \/>\n<a href=\"https:\/\/www.mapmarrakech.ma\/fr\/lunesco-salue-lengagement-renouvele-du-maroc-pour-leducation\/\">Cliquez ici pour lire l&rsquo;article depuis sa source.<\/a><\/p>\n","protected":false},"excerpt":{"rendered":"<p>\u00ab\u00a0En accueillant cette Conf\u00e9rence importante, le Royaume du Maroc prouve \u00e0 nouveau son engagement pour l\u2019\u00e9ducation et pour l\u2019UNESCO\u00a0\u00bb, a affirm\u00e9 Mme Azoulay qui participait via visioconf\u00e9rence, \u00e0 l\u2019ouverture des travaux de la 7\u00e8me Conf\u00e9rence Internationale sur l\u2019Education des Adultes (CONFINTEA VII), plac\u00e9e sous le th\u00e8me \u00ab\u00a0l\u2019apprentissage et l\u2019\u00e9ducation des adultes pour le d\u00e9veloppement durable [&hellip;]<\/p>\n","protected":false},"author":1788,"featured_media":0,"comment_status":"closed","ping_status":"closed","sticky":false,"template":"","format":"standard","meta":{"fifu_image_url":"https:\/\/www.mapmarrakech.ma\/map\/uploads\/2022\/06\/audrey-copier.jpg","fifu_image_alt":"L\u2019UNESCO salue l\u2019engagement renouvel\u00e9 du Maroc pour l\u2019\u00e9ducation","footnotes":""},"categories":[54,76],"tags":[],"class_list":["post-150210","post","type-post","status-publish","format-standard","hentry","category-maroc","category-regions"],"_links":{"self":[{"href":"https:\/\/linitiative.ca\/International\/wp-json\/wp\/v2\/posts\/150210","targetHints":{"allow":["GET"]}}],"collection":[{"href":"https:\/\/linitiative.ca\/International\/wp-json\/wp\/v2\/posts"}],"about":[{"href":"https:\/\/linitiative.ca\/International\/wp-json\/wp\/v2\/types\/post"}],"author":[{"embeddable":true,"href":"https:\/\/linitiative.ca\/International\/wp-json\/wp\/v2\/users\/1788"}],"replies":[{"embeddable":true,"href":"https:\/\/linitiative.ca\/International\/wp-json\/wp\/v2\/comments?post=150210"}],"version-history":[{"count":0,"href":"https:\/\/linitiative.ca\/International\/wp-json\/wp\/v2\/posts\/150210\/revisions"}],"wp:attachment":[{"href":"https:\/\/linitiative.ca\/International\/wp-json\/wp\/v2\/media?parent=150210"}],"wp:term":[{"taxonomy":"category","embeddable":true,"href":"https:\/\/linitiative.ca\/International\/wp-json\/wp\/v2\/categories?post=150210"},{"taxonomy":"post_tag","embeddable":true,"href":"https:\/\/linitiative.ca\/International\/wp-json\/wp\/v2\/tags?post=150210"}],"curies":[{"name":"wp","href":"https:\/\/api.w.org\/{rel}","templated":true}]}}