{"id":15022,"date":"2019-02-17T14:18:10","date_gmt":"2019-02-17T19:18:10","guid":{"rendered":"https:\/\/linitiative.ca\/International\/can-u20-le-mali-remporte-la-finale-devant-le-senegal-1-1-3-tab-2\/"},"modified":"2019-02-17T14:18:10","modified_gmt":"2019-02-17T19:18:10","slug":"can-u20-le-mali-remporte-la-finale-devant-le-senegal-1-1-3-tab-2","status":"publish","type":"post","link":"https:\/\/linitiative.ca\/International\/can-u20-le-mali-remporte-la-finale-devant-le-senegal-1-1-3-tab-2\/","title":{"rendered":"CAN U20 : Le Mali remporte la finale devant le S\u00e9n\u00e9gal (1-1, 3 TAB 2)"},"content":{"rendered":"<div readability=\"32\">\n<p>Publi\u00e9 le 17.02.2019 \u00e0 20h18 par APA News<\/p>\n<\/div>\n<div readability=\"76\">\n<p>Le Mali a remport\u00e9 ce dimanche au stade Seyni Kounch\u00e9 de Niamey (Niger) la finale de la 21\u00e8me \u00e9dition de la CAN U20 en battant le S\u00e9n\u00e9gal en finale \u00e0 l\u2019\u00e9preuve des au but (1-1, 3TAB2).Les Aiglons plus aff\u00fbt\u00e9s, entament de la meilleure des mani\u00e8res la partie en se procurant les situations les plus dangereuses. Ils vont logiquement ouvrir le score par Traor\u00e9 qui ajuste le gardien s\u00e9n\u00e9galais apr\u00e8s seulement 16 minutes de jeu dans cette finale. Le jeune attaquant malien fait preuve de sang-froid dans la surface de r\u00e9paration, en \u00e9liminant le d\u00e9fenseur s\u00e9n\u00e9galais avant d\u2019ouvrir son pied pour ouvrir le score (1-0, 16\u2032). Le Mali m\u00e8ne au score devant une \u00e9quipe du S\u00e9n\u00e9gal qui a d\u00e9jou\u00e9 en premi\u00e8re p\u00e9riode.<\/p>\n<p>Au retour des vestiaires, le coach des lionceaux Youssoupha Dabo effectue quelques changements qui vont s\u2019av\u00e9raient payants. Amadou Dia Ndiaye entr\u00e9e en seconde p\u00e9riode \u00e9galise d\u2019une belle reprise de vol\u00e9e (1-1, 76\u2032). Le S\u00e9n\u00e9gal va dominer la fin de partie, mais n\u2019a pu forcer la d\u00e9cision.\u00a0<\/p>\n<p>Les trente minutes de prolongations n\u2019ont pas suffi \u00e0 d\u00e9partager les deux s\u00e9lections. L\u2019\u00e9preuve fatidique des penalties va sacrer le Mali qui s\u2019impose (3 TAB 2). Le S\u00e9n\u00e9gal assez maladroit rate trois de ses cinq tentatives, contre un pour les maliens.\u00a0<\/p>\n<p>Le Mali remporte sa premi\u00e8re CAN U20 et prend sa revanche sur le S\u00e9n\u00e9gal qui l\u2019avait battu en match de poule (2-0). Apr\u00e8s avoir perdu la finale en 1989 devant le Nigeria, le Mali remporte son troisi\u00e8me troph\u00e9e continental apr\u00e8s les CAN U17 remport\u00e9es en 2015 et 2017.<\/p>\n<p>Le S\u00e9n\u00e9gal de son cot\u00e9, est poursuivi par la poisse avec une troisi\u00e8me finale d\u2019affil\u00e9e perdue dans cette CAN U20. Les lionceaux avaient d\u00e9j\u00e0 perdu le troph\u00e9e \u00e0 domicile devant le Nigeria en 2015 (1-0) \u00e0 Dakar, avant de s\u2019incliner devant la Zambie (2-0) deux plus tard \u00e0 Lusaka.<\/p>\n<p><ins data-revive-zoneid=\"9\" data-revive-id=\"10111e19d28d19d031742ee3b0b33eb0\"\/> <\/p>\n<p>Pour rappel, l\u2019Afrique du Sud a termin\u00e9 troisi\u00e8me de cette CAN U20, apr\u00e8s avoir battu le Nigeria aux tirs aux buts (0-0, 5 TAB 3) dans la petite finale samedi<\/p>\n<p>Le Mali, le S\u00e9n\u00e9gal, l\u2019Afrique du Sud et le Nigeria sont qualifi\u00e9s pour le Mondial U20 qui aura lieu en Pologne du 23 mai au 15 juin 2019.<\/p>\n<p>La 22\u00e8me\u00e9dition de CAN U20 en 2021 aura lieu en Mauritanie.<\/p>\n<\/div>\n<p>Auteur: APA News<br \/>\n<a href=\"https:\/\/www.journalducameroun.com\/can-u20-le-mali-remporte-la-finale-devant-le-senegal-1-1-3-tab-2\/\">Cliquez ici pour lire l&rsquo;article depuis sa source.<\/a><\/p>\n","protected":false},"excerpt":{"rendered":"<p>Publi\u00e9 le 17.02.2019 \u00e0 20h18 par APA News Le Mali a remport\u00e9 ce dimanche au stade Seyni Kounch\u00e9 de Niamey (Niger) la finale de la 21\u00e8me \u00e9dition de la CAN U20 en battant le S\u00e9n\u00e9gal en finale \u00e0 l\u2019\u00e9preuve des au but (1-1, 3TAB2).Les Aiglons plus aff\u00fbt\u00e9s, entament de la meilleure des mani\u00e8res la partie [&hellip;]<\/p>\n","protected":false},"author":1965,"featured_media":0,"comment_status":"closed","ping_status":"closed","sticky":false,"template":"","format":"standard","meta":{"fifu_image_url":"","fifu_image_alt":"","footnotes":""},"categories":[73,82],"tags":[],"class_list":["post-15022","post","type-post","status-publish","format-standard","hentry","category-actualite","category-cameroun"],"_links":{"self":[{"href":"https:\/\/linitiative.ca\/International\/wp-json\/wp\/v2\/posts\/15022","targetHints":{"allow":["GET"]}}],"collection":[{"href":"https:\/\/linitiative.ca\/International\/wp-json\/wp\/v2\/posts"}],"about":[{"href":"https:\/\/linitiative.ca\/International\/wp-json\/wp\/v2\/types\/post"}],"author":[{"embeddable":true,"href":"https:\/\/linitiative.ca\/International\/wp-json\/wp\/v2\/users\/1965"}],"replies":[{"embeddable":true,"href":"https:\/\/linitiative.ca\/International\/wp-json\/wp\/v2\/comments?post=15022"}],"version-history":[{"count":0,"href":"https:\/\/linitiative.ca\/International\/wp-json\/wp\/v2\/posts\/15022\/revisions"}],"wp:attachment":[{"href":"https:\/\/linitiative.ca\/International\/wp-json\/wp\/v2\/media?parent=15022"}],"wp:term":[{"taxonomy":"category","embeddable":true,"href":"https:\/\/linitiative.ca\/International\/wp-json\/wp\/v2\/categories?post=15022"},{"taxonomy":"post_tag","embeddable":true,"href":"https:\/\/linitiative.ca\/International\/wp-json\/wp\/v2\/tags?post=15022"}],"curies":[{"name":"wp","href":"https:\/\/api.w.org\/{rel}","templated":true}]}}